{"id":98164,"date":"2023-02-24T14:21:05","date_gmt":"2023-02-24T17:21:05","guid":{"rendered":"https:\/\/www.actualidadadiario.com\/?p=98164"},"modified":"2023-02-24T14:21:05","modified_gmt":"2023-02-24T17:21:05","slug":"salta-alarma-por-la-mortalidad-infantil-y-la-situacion-en-los-barrios-precarios","status":"publish","type":"post","link":"https:\/\/www.actualidadadiario.com\/index.php\/2023\/02\/24\/salta-alarma-por-la-mortalidad-infantil-y-la-situacion-en-los-barrios-precarios\/","title":{"rendered":"Salta: alarma por la mortalidad infantil y la situaci\u00f3n en los barrios precarios"},"content":{"rendered":"<p style=\"text-align: center;\"><em><strong>Los habitantes del norte salte\u00f1o se enfrentan a un panorama alarmante debido a los altos \u00edndices de mortalidad y desnutrici\u00f3n infantil, por lo que se declar\u00f3 la emergencia sociosanitaria. Si bien la Defensor\u00eda del Ni\u00f1o intim\u00f3 al gobierno de Salta para que intervenga, los propios habitantes reconocen que las autoridades gubernamentales brillan por su ausencia<\/strong><\/em><\/p>\n<p>&nbsp;<\/p>\n<p>&nbsp;<\/p>\n<p>La situaci\u00f3n tiene ribetes dram\u00e1ticos en San Mart\u00edn, en Rivadavia y en Or\u00e1n, en donde se asientan diferentes comunidades originarias que constituyen la muestra m\u00e1s visible de la miseria que all\u00ed se vive. Por ejemplo, en Embarcaci\u00f3n, ubicada en el primero de los departamentos mencionados, reside Elio Fern\u00e1ndez, quien detall\u00f3: &#8220;Es muy delicado lo que estamos viviendo, principalmente por la falta de oportunidades en todas las \u00e1reas&#8221;.<\/p>\n<p>Ante semejante estado de situaci\u00f3n, &#8220;sigue habiendo muertes por desnutrici\u00f3n y tambi\u00e9n por consumo de pasta base, por alcoholismo y por tabaquismo&#8221;. En referencia al \u00faltimo causal de muerte, revelado por Fern\u00e1ndez, se trata de adolescentes mayores de 14 a\u00f1os y de j\u00f3venes menores de 25 a\u00f1os. La falta tanto de empleo como de aplicaci\u00f3n de los programas educativos vigentes empuja a miles de chicos a estar en las calles,.<\/p>\n<p>A su vez, Elio asegur\u00f3 que los maestros y los profesores no suelen permanecer mucho tiempo en sus cargos debido a los caminos inaccesibles para llegar a las escuelas, as\u00ed como tambi\u00e9n por los bajos salarios.<\/p>\n<p>En materia alimentaria, los pueblos originarios ya no dependen de los productos de la tierra. Producto del desmonte y de los cambios clim\u00e1ticos, por lo tanto &#8220;est\u00e1n a expensas de los bolsones de comida. Pero solo llegan el 20%&#8221;, expres\u00f3 Fern\u00e1ndez, quien tambi\u00e9n es docente. Por si fuera poco, el agua potable es inexistente y solo se consume la que proviene de las napas, que frecuentemente est\u00e1n contaminados.<\/p>\n<p>Frente a tantas penurias, los mismos habitantes de los departamentos que est\u00e1n abarcados por la emergencia sociosanitaria remarcaron que &#8220;el gobierno provincial no est\u00e1 presente&#8221;. Mientras tanto, durante los \u00faltimos d\u00edas, una beba de un a\u00f1o y medio falleci\u00f3 a ra\u00edz de un presunto cuadro de v\u00f3mitos y diarrea.<\/p>\n","protected":false},"excerpt":{"rendered":"<p>Los habitantes del norte salte\u00f1o se enfrentan a un panorama alarmante debido a los altos \u00edndices de mortalidad y desnutrici\u00f3n infantil, por lo que se declar\u00f3 la emergencia sociosanitaria. Si bien la Defensor\u00eda del Ni\u00f1o intim\u00f3 al gobierno de Salta para que intervenga, los propios habitantes reconocen que las autoridades gubernamentales brillan por su ausencia &nbsp; &nbsp; La situaci\u00f3n tiene ribetes dram\u00e1ticos en San Mart\u00edn, en Rivadavia y en Or\u00e1n, en donde se asientan diferentes comunidades originarias que constituyen la muestra m\u00e1s visible de la miseria que all\u00ed se vive&#8230;.<\/p>\n","protected":false},"author":3,"featured_media":98165,"comment_status":"closed","ping_status":"closed","sticky":false,"template":"","format":"standard","meta":[],"categories":[2],"tags":[],"_links":{"self":[{"href":"https:\/\/www.actualidadadiario.com\/index.php\/wp-json\/wp\/v2\/posts\/98164"}],"collection":[{"href":"https:\/\/www.actualidadadiario.com\/index.php\/wp-json\/wp\/v2\/posts"}],"about":[{"href":"https:\/\/www.actualidadadiario.com\/index.php\/wp-json\/wp\/v2\/types\/post"}],"author":[{"embeddable":true,"href":"https:\/\/www.actualidadadiario.com\/index.php\/wp-json\/wp\/v2\/users\/3"}],"replies":[{"embeddable":true,"href":"https:\/\/www.actualidadadiario.com\/index.php\/wp-json\/wp\/v2\/comments?post=98164"}],"version-history":[{"count":1,"href":"https:\/\/www.actualidadadiario.com\/index.php\/wp-json\/wp\/v2\/posts\/98164\/revisions"}],"predecessor-version":[{"id":98166,"href":"https:\/\/www.actualidadadiario.com\/index.php\/wp-json\/wp\/v2\/posts\/98164\/revisions\/98166"}],"wp:featuredmedia":[{"embeddable":true,"href":"https:\/\/www.actualidadadiario.com\/index.php\/wp-json\/wp\/v2\/media\/98165"}],"wp:attachment":[{"href":"https:\/\/www.actualidadadiario.com\/index.php\/wp-json\/wp\/v2\/media?parent=98164"}],"wp:term":[{"taxonomy":"category","embeddable":true,"href":"https:\/\/www.actualidadadiario.com\/index.php\/wp-json\/wp\/v2\/categories?post=98164"},{"taxonomy":"post_tag","embeddable":true,"href":"https:\/\/www.actualidadadiario.com\/index.php\/wp-json\/wp\/v2\/tags?post=98164"}],"curies":[{"name":"wp","href":"https:\/\/api.w.org\/{rel}","templated":true}]}}