{"id":98162,"date":"2023-02-24T14:20:24","date_gmt":"2023-02-24T17:20:24","guid":{"rendered":"https:\/\/www.actualidadadiario.com\/?p=98162"},"modified":"2023-02-24T14:20:24","modified_gmt":"2023-02-24T17:20:24","slug":"zonas-de-seis-provincias-bajo-alerta-amarilla-por-tormentas-y-fuertes-vientos","status":"publish","type":"post","link":"https:\/\/www.actualidadadiario.com\/index.php\/2023\/02\/24\/zonas-de-seis-provincias-bajo-alerta-amarilla-por-tormentas-y-fuertes-vientos\/","title":{"rendered":"Zonas de seis provincias bajo alerta amarilla por tormentas y fuertes vientos"},"content":{"rendered":"<p style=\"text-align: center;\"><em><strong>El anuncio del Servicio Meteorol\u00f3gico Nacional rige para Corrientes, Entre R\u00edos, provincia de Buenos Aires. Tierra del Fuego, Santa Cruz y Chubut<\/strong><\/em><\/p>\n<p>&nbsp;<\/p>\n<p>&nbsp;<\/p>\n<p>Localidades de seis provincias estaban la ma\u00f1ana de este viernes bajo alerta amarilla por tormentas y por vientos del sector oeste con velocidades entre 50 y 70 kil\u00f3metros por hora y r\u00e1fagas que pueden superar los 90 kil\u00f3metros por hora, inform\u00f3 el Servicio Meteorol\u00f3gico Nacional (SMN).<\/p>\n<p>El \u00e1rea afectada incluye distritos del este de Corrientes, como Monte Caseros, General Alvear, Paso de los Libres, San Mart\u00edn y Santo Tom\u00e9; y del noreste de Entre R\u00edos, entre ellos Concordia, Federaci\u00f3n, Federal, Feliciano y San Salvador.<\/p>\n<p>En el caso de la provincia de Buenos Aires, est\u00e1n pronosticadas tormentas para Las Flores, Lobos, Monte, Navarro, Saladillo y el oeste de Castelli, de Chascom\u00fas, de Dolores y de Lezama, entre otras zonas del centro y del este.<\/p>\n<p>Se esperan tormentas de variada intensidad, que pueden estar acompa\u00f1adas de r\u00e1fagas, ocasional ca\u00edda de granizo, fuerte actividad el\u00e9ctrica y abundante ca\u00edda de agua en cortos per\u00edodos.<\/p>\n<p>Se estiman valores de precipitaci\u00f3n acumulada entre 20 y 50 mil\u00edmetros, pudiendo ser superados en forma puntual, indic\u00f3 el organismo meteorol\u00f3gico.<\/p>\n<p>En tanto, la alerta amarilla por vientos fuertes abarca Tierra del Fuego, Santa Cruz y el oeste y sur de Chubut, alcanzando las mesetas de Escalante y de R\u00edo Senguer, el sudoeste de Florentino Ameghino, Sarmiento y la zona cordillerana de Futaleuf\u00fa, de Langui\u00f1eo y de Tehuelches.<\/p>\n<p>El SMN recomend\u00f3 a los pobladores de estas \u00e1reas que eviten las actividades al aire libre y aseguren los elementos que puedan volarse.<\/p>\n","protected":false},"excerpt":{"rendered":"<p>El anuncio del Servicio Meteorol\u00f3gico Nacional rige para Corrientes, Entre R\u00edos, provincia de Buenos Aires. Tierra del Fuego, Santa Cruz y Chubut &nbsp; &nbsp; Localidades de seis provincias estaban la ma\u00f1ana de este viernes bajo alerta amarilla por tormentas y por vientos del sector oeste con velocidades entre 50 y 70 kil\u00f3metros por hora y r\u00e1fagas que pueden superar los 90 kil\u00f3metros por hora, inform\u00f3 el Servicio Meteorol\u00f3gico Nacional (SMN). El \u00e1rea afectada incluye distritos del este de Corrientes, como Monte Caseros, General Alvear, Paso de los Libres, San Mart\u00edn&#8230;<\/p>\n","protected":false},"author":3,"featured_media":79602,"comment_status":"closed","ping_status":"closed","sticky":false,"template":"","format":"standard","meta":[],"categories":[2],"tags":[],"_links":{"self":[{"href":"https:\/\/www.actualidadadiario.com\/index.php\/wp-json\/wp\/v2\/posts\/98162"}],"collection":[{"href":"https:\/\/www.actualidadadiario.com\/index.php\/wp-json\/wp\/v2\/posts"}],"about":[{"href":"https:\/\/www.actualidadadiario.com\/index.php\/wp-json\/wp\/v2\/types\/post"}],"author":[{"embeddable":true,"href":"https:\/\/www.actualidadadiario.com\/index.php\/wp-json\/wp\/v2\/users\/3"}],"replies":[{"embeddable":true,"href":"https:\/\/www.actualidadadiario.com\/index.php\/wp-json\/wp\/v2\/comments?post=98162"}],"version-history":[{"count":1,"href":"https:\/\/www.actualidadadiario.com\/index.php\/wp-json\/wp\/v2\/posts\/98162\/revisions"}],"predecessor-version":[{"id":98163,"href":"https:\/\/www.actualidadadiario.com\/index.php\/wp-json\/wp\/v2\/posts\/98162\/revisions\/98163"}],"wp:featuredmedia":[{"embeddable":true,"href":"https:\/\/www.actualidadadiario.com\/index.php\/wp-json\/wp\/v2\/media\/79602"}],"wp:attachment":[{"href":"https:\/\/www.actualidadadiario.com\/index.php\/wp-json\/wp\/v2\/media?parent=98162"}],"wp:term":[{"taxonomy":"category","embeddable":true,"href":"https:\/\/www.actualidadadiario.com\/index.php\/wp-json\/wp\/v2\/categories?post=98162"},{"taxonomy":"post_tag","embeddable":true,"href":"https:\/\/www.actualidadadiario.com\/index.php\/wp-json\/wp\/v2\/tags?post=98162"}],"curies":[{"name":"wp","href":"https:\/\/api.w.org\/{rel}","templated":true}]}}