{"id":98160,"date":"2023-02-24T14:19:40","date_gmt":"2023-02-24T17:19:40","guid":{"rendered":"https:\/\/www.actualidadadiario.com\/?p=98160"},"modified":"2023-02-24T14:19:40","modified_gmt":"2023-02-24T17:19:40","slug":"abrupta-caida-en-las-muertes-por-covid-19-cual-es-la-razon","status":"publish","type":"post","link":"https:\/\/www.actualidadadiario.com\/index.php\/2023\/02\/24\/abrupta-caida-en-las-muertes-por-covid-19-cual-es-la-razon\/","title":{"rendered":"Abrupta ca\u00edda en las muertes por Covid-19: \u00bfcu\u00e1l es la raz\u00f3n?"},"content":{"rendered":"<p style=\"text-align: center;\"><em><strong>En el tercer a\u00f1o de pandemia, los datos muestran un fuerte descenso en los decesos. Qu\u00e9 es lo que m\u00e1s pes\u00f3 en ese resultado<\/strong><\/em><\/p>\n<p>&nbsp;<\/p>\n<p>&nbsp;<\/p>\n<p>Las muertes por Covid-19 vienen en descenso de manera sostenida, ya que seg\u00fan el parte del \u00faltimo lunes hubo en el pa\u00eds 10 decesos en una semana.<\/p>\n<p>Desde el 3 de marzo de 2020, la fecha del primer contagio en el pa\u00eds, hasta febrero de 2022, el promedio diario de muertes fue de 178, pero si se saca el promedio del \u00faltimo a\u00f1o, la cuenta da 17 por d\u00eda.<\/p>\n<p>La ca\u00edda resulta elocuente si se toman los n\u00fameros de los \u00faltimos tres meses: 32 muertes cada siete d\u00edas, con un m\u00e1ximo de 67 en la semana 1 de 2023 y un m\u00ednimo de 5 en la semana 5.<\/p>\n<p>La cantidad de muertes, sin discriminar entre vacunados y no vacunados, baj\u00f3 10 veces entre los dos primeros a\u00f1os de la pandemia y el tercero.<\/p>\n<p>&nbsp;<\/p>\n<p><strong>\u00bfCu\u00e1l es la causa de la ca\u00edda del n\u00famero de fallecidos?<\/strong><\/p>\n<p>La revista The Lancet intent\u00f3 responder a la pregunta de qu\u00e9 protege m\u00e1s, si la vacuna o el haber tenido Covid-19. Y dicho trabajo lleg\u00f3 a la conclusi\u00f3n de que la inmunidad natural es tan persistente como la que ofrece la vacuna.<\/p>\n<p>Sin embargo, todo depende de las condiciones de riesgo del paciente y los expertos apuntan a una \u201cinmunidad h\u00edbrida\u201d (vacunas m\u00e1s convalecencia) como la mejor herramienta para combatir al virus.<\/p>\n<p>La inmunidad natural contra la enfermedad severa (hospitalizaci\u00f3n o muerte) que otorga haber superado el Covid-19 se mantiene &#8220;s\u00f3lida&#8221; durante meses y es efectiva con todas las variantes del virus, seg\u00fan el metan\u00e1lisis publicado en The Lancet.<\/p>\n<p>En los meses posteriores a la infecci\u00f3n, la inmunidad se mantiene en un nivel del 88 por ciento por encima, seg\u00fan el estudio sobre 65 investigaciones diferentes elaboradas en 19 pa\u00edses.<\/p>\n<p>El trabajo sugiere que el nivel y la duraci\u00f3n de la protecci\u00f3n contra la reinfecci\u00f3n, enfermedad sintom\u00e1tica y enfermedad severa es al menos comparable con la que ofrecen dos dosis de vacunas de ARN mensajero como las de Moderna y Pfizer en caso de variantes Alpha, Delta y \u00d3micron.<\/p>\n","protected":false},"excerpt":{"rendered":"<p>En el tercer a\u00f1o de pandemia, los datos muestran un fuerte descenso en los decesos. Qu\u00e9 es lo que m\u00e1s pes\u00f3 en ese resultado &nbsp; &nbsp; Las muertes por Covid-19 vienen en descenso de manera sostenida, ya que seg\u00fan el parte del \u00faltimo lunes hubo en el pa\u00eds 10 decesos en una semana. Desde el 3 de marzo de 2020, la fecha del primer contagio en el pa\u00eds, hasta febrero de 2022, el promedio diario de muertes fue de 178, pero si se saca el promedio del \u00faltimo a\u00f1o, la&#8230;<\/p>\n","protected":false},"author":3,"featured_media":70371,"comment_status":"closed","ping_status":"closed","sticky":false,"template":"","format":"standard","meta":[],"categories":[2],"tags":[],"_links":{"self":[{"href":"https:\/\/www.actualidadadiario.com\/index.php\/wp-json\/wp\/v2\/posts\/98160"}],"collection":[{"href":"https:\/\/www.actualidadadiario.com\/index.php\/wp-json\/wp\/v2\/posts"}],"about":[{"href":"https:\/\/www.actualidadadiario.com\/index.php\/wp-json\/wp\/v2\/types\/post"}],"author":[{"embeddable":true,"href":"https:\/\/www.actualidadadiario.com\/index.php\/wp-json\/wp\/v2\/users\/3"}],"replies":[{"embeddable":true,"href":"https:\/\/www.actualidadadiario.com\/index.php\/wp-json\/wp\/v2\/comments?post=98160"}],"version-history":[{"count":1,"href":"https:\/\/www.actualidadadiario.com\/index.php\/wp-json\/wp\/v2\/posts\/98160\/revisions"}],"predecessor-version":[{"id":98161,"href":"https:\/\/www.actualidadadiario.com\/index.php\/wp-json\/wp\/v2\/posts\/98160\/revisions\/98161"}],"wp:featuredmedia":[{"embeddable":true,"href":"https:\/\/www.actualidadadiario.com\/index.php\/wp-json\/wp\/v2\/media\/70371"}],"wp:attachment":[{"href":"https:\/\/www.actualidadadiario.com\/index.php\/wp-json\/wp\/v2\/media?parent=98160"}],"wp:term":[{"taxonomy":"category","embeddable":true,"href":"https:\/\/www.actualidadadiario.com\/index.php\/wp-json\/wp\/v2\/categories?post=98160"},{"taxonomy":"post_tag","embeddable":true,"href":"https:\/\/www.actualidadadiario.com\/index.php\/wp-json\/wp\/v2\/tags?post=98160"}],"curies":[{"name":"wp","href":"https:\/\/api.w.org\/{rel}","templated":true}]}}