{"id":98144,"date":"2023-02-24T14:10:20","date_gmt":"2023-02-24T17:10:20","guid":{"rendered":"https:\/\/www.actualidadadiario.com\/?p=98144"},"modified":"2023-02-24T14:10:20","modified_gmt":"2023-02-24T17:10:20","slug":"diputados-trata-el-proyecto-que-dispone-un-nuevo-regimen-provincial-de-promocion-y-desarrollo-industrial","status":"publish","type":"post","link":"https:\/\/www.actualidadadiario.com\/index.php\/2023\/02\/24\/diputados-trata-el-proyecto-que-dispone-un-nuevo-regimen-provincial-de-promocion-y-desarrollo-industrial\/","title":{"rendered":"Diputados trata el proyecto que dispone un nuevo R\u00e9gimen Provincial de Promoci\u00f3n y Desarrollo Industrial"},"content":{"rendered":"<p style=\"text-align: center;\"><em><strong>El martes se reunir\u00e1n en forma conjunta la Comisi\u00f3n de Presupuesto y la de Comercio e Industria para abordar el proyecto que dispone un nuevo R\u00e9gimen Provincial de Promoci\u00f3n y Desarrollo Industrial. Fueron convocados el Ministro de Econom\u00eda y el Presidente de la Uni\u00f3n Industrial de Entre R\u00edos<\/strong><\/em><\/p>\n<p>&nbsp;<\/p>\n<p>&nbsp;<\/p>\n<p>El martes 28 a las 10 vuelve la actividad legislativa en la C\u00e1mara de Diputados de Entre R\u00edos: ese d\u00eda habr\u00e1 una reuni\u00f3n conjunta de la Comisi\u00f3n de Comercio, Industria y Producci\u00f3n y de la Comisi\u00f3n de Hacienda, Presupuesto y Cuentas.<\/p>\n<p>En el encuentro se abordar\u00e1 el proyecto de ley que en noviembre envi\u00f3 el Ejecutivo y que dispone un nuevo R\u00e9gimen Provincial de Promoci\u00f3n y Desarrollo Industrial: \u201cA casi una d\u00e9cada desde la Ley N\u00ba 10.204 de Promoci\u00f3n Industrial, esta iniciativa tiene por principal cometido instrumentar un r\u00e9gimen superador al vigente\u201d.<\/p>\n<p>\u201cPara tal fin se ha instaurado un procedimiento que permita agilizar la tramitaci\u00f3n de las solicitudes de acogimiento al r\u00e9gimen de promoci\u00f3n industrial, centralizando en un mismo \u00f3rgano de la Administraci\u00f3n P\u00fablica provincial la senda por la cual han de transitar las solicitudes y resoluciones de las mismas\u201d, se indica en el proyecto enviado por Gustavo Bordet y se establece que \u201cel objetivo principal es agilizar y brindar una respuesta estatal m\u00e1s eficaz y eficiente al conjunto de solicitudes de promoci\u00f3n que se prev\u00e9n recibir con esta actualizaci\u00f3n normativa\u201d.<\/p>\n<p>\u201cBajo esta misma \u00f3rbita se pretende facultar al Poder Ejecutivo provincial para proceder al dictado de normas complementarias y aclaratorias, pudiendo determinar los requisitos y documentos necesarios para instrumentar el proyecto productivo industrial, as\u00ed como el procedimiento formal que deben cumplimentar los establecimientos industriales para acceder a los beneficios de la ley\u201d.<\/p>\n<p>\u201cEn este mismo contexto se ha ampliado la n\u00f3mina de sujetos beneficiarios poniendo especial \u00e9nfasis en las grandes, medianas, peque\u00f1as y micro empresas, sean nuevas o existentes, as\u00ed como en establecimientos industriales que hayan estado inactivos por al menos un a\u00f1o siendo, \u00e9ste \u00faltimo requisito, de cinco a\u00f1os en la ley vigente\u201d.<\/p>\n<p>&nbsp;<\/p>\n<p><strong>Los beneficios de la norma son los siguientes:<\/strong><\/p>\n<ol>\n<li>Exenciones de impuestos provinciales referidos en la presente normativa;<\/li>\n<\/ol>\n<p>&nbsp;<\/p>\n<ol start=\"2\">\n<li>Exenciones o diferimientos sobre tasas y derechos que cada municipio establezca de conformidad a su pertinente adhesi\u00f3n a la presente ley;<\/li>\n<\/ol>\n<p>&nbsp;<\/p>\n<ol start=\"3\">\n<li>Descuentos en las prestaciones de servicios de energ\u00eda el\u00e9ctrica. El nuevo proyecto incluye un incentivo para la contrataci\u00f3n de mujeres en las empresas industriales: \u201cEl objetivo en este sentido es promover la inclusi\u00f3n del trabajo femenino con acceso a puestos de trabajo mejor remunerados cumpliendo as\u00ed con el objetivo de fomentar la participaci\u00f3n equitativa de las mujeres en las actividades econ\u00f3micas y productivas provinciales\u201d.<\/li>\n<\/ol>\n<p>&nbsp;<\/p>\n<p>Para abordar tal proyecto fueron convocados el ministro de Econom\u00eda, Hugo Ballay, y el presidente de la Uni\u00f3n Industrial de Entre R\u00edos, Gabriel Bourd\u00edn.<\/p>\n","protected":false},"excerpt":{"rendered":"<p>El martes se reunir\u00e1n en forma conjunta la Comisi\u00f3n de Presupuesto y la de Comercio e Industria para abordar el proyecto que dispone un nuevo R\u00e9gimen Provincial de Promoci\u00f3n y Desarrollo Industrial. Fueron convocados el Ministro de Econom\u00eda y el Presidente de la Uni\u00f3n Industrial de Entre R\u00edos &nbsp; &nbsp; El martes 28 a las 10 vuelve la actividad legislativa en la C\u00e1mara de Diputados de Entre R\u00edos: ese d\u00eda habr\u00e1 una reuni\u00f3n conjunta de la Comisi\u00f3n de Comercio, Industria y Producci\u00f3n y de la Comisi\u00f3n de Hacienda, Presupuesto y&#8230;<\/p>\n","protected":false},"author":3,"featured_media":98145,"comment_status":"closed","ping_status":"closed","sticky":false,"template":"","format":"standard","meta":[],"categories":[15],"tags":[],"_links":{"self":[{"href":"https:\/\/www.actualidadadiario.com\/index.php\/wp-json\/wp\/v2\/posts\/98144"}],"collection":[{"href":"https:\/\/www.actualidadadiario.com\/index.php\/wp-json\/wp\/v2\/posts"}],"about":[{"href":"https:\/\/www.actualidadadiario.com\/index.php\/wp-json\/wp\/v2\/types\/post"}],"author":[{"embeddable":true,"href":"https:\/\/www.actualidadadiario.com\/index.php\/wp-json\/wp\/v2\/users\/3"}],"replies":[{"embeddable":true,"href":"https:\/\/www.actualidadadiario.com\/index.php\/wp-json\/wp\/v2\/comments?post=98144"}],"version-history":[{"count":1,"href":"https:\/\/www.actualidadadiario.com\/index.php\/wp-json\/wp\/v2\/posts\/98144\/revisions"}],"predecessor-version":[{"id":98146,"href":"https:\/\/www.actualidadadiario.com\/index.php\/wp-json\/wp\/v2\/posts\/98144\/revisions\/98146"}],"wp:featuredmedia":[{"embeddable":true,"href":"https:\/\/www.actualidadadiario.com\/index.php\/wp-json\/wp\/v2\/media\/98145"}],"wp:attachment":[{"href":"https:\/\/www.actualidadadiario.com\/index.php\/wp-json\/wp\/v2\/media?parent=98144"}],"wp:term":[{"taxonomy":"category","embeddable":true,"href":"https:\/\/www.actualidadadiario.com\/index.php\/wp-json\/wp\/v2\/categories?post=98144"},{"taxonomy":"post_tag","embeddable":true,"href":"https:\/\/www.actualidadadiario.com\/index.php\/wp-json\/wp\/v2\/tags?post=98144"}],"curies":[{"name":"wp","href":"https:\/\/api.w.org\/{rel}","templated":true}]}}