{"id":98139,"date":"2023-02-24T14:08:44","date_gmt":"2023-02-24T17:08:44","guid":{"rendered":"https:\/\/www.actualidadadiario.com\/?p=98139"},"modified":"2023-02-24T14:08:44","modified_gmt":"2023-02-24T17:08:44","slug":"el-titular-del-iosper-se-reunio-con-el-presidente-del-consejo-general-de-educacion","status":"publish","type":"post","link":"https:\/\/www.actualidadadiario.com\/index.php\/2023\/02\/24\/el-titular-del-iosper-se-reunio-con-el-presidente-del-consejo-general-de-educacion\/","title":{"rendered":"El titular del Iosper se reuni\u00f3 con el Presidente del Consejo General de Educaci\u00f3n"},"content":{"rendered":"<p style=\"text-align: center;\"><em><strong>Este viernes el presidente del Directorio Obrero del Instituto de Obra Social de la Provincia de Entre R\u00edos, Fernando Ca\u00f1ete,\u00a0 y el titular del Consejo General de Educaci\u00f3n (CGE), Mart\u00edn M\u00fcller, se reunieron para organizar la agenda operativa de 2023<\/strong><\/em><\/p>\n<p>&nbsp;<\/p>\n<p>&nbsp;<\/p>\n<p>En la oportunidad, el presidente de Iosper interioriz\u00f3 al funcionario p\u00fablico sobre el funcionamiento de la Obra Social, y su equilibrio econ\u00f3mico y financiero, y las acciones que lleva adelante la prestadora de salud, para la atenci\u00f3n de sus afiliados.<\/p>\n<p>Ca\u00f1ete precis\u00f3 que fue \u201cuna reuni\u00f3n muy amena y cordial, donde se estableci\u00f3 la posibilidad de sostener los canales de dialogo entre ambas instituciones\u201d.<\/p>\n<p>Adem\u00e1s, precis\u00f3 que \u201ces saludable que el CGE se interiorice sobre las acciones que lleva adelante nuestra Obra Social\u201d.<\/p>\n<p>\u201cBuscamos trabajar en forma conjunta,\u00a0 que esto signifique un aceleramiento y una mejor\u00eda en tr\u00e1mites que se encuentren en estado de an\u00e1lisis\u201d.<\/p>\n","protected":false},"excerpt":{"rendered":"<p>Este viernes el presidente del Directorio Obrero del Instituto de Obra Social de la Provincia de Entre R\u00edos, Fernando Ca\u00f1ete,\u00a0 y el titular del Consejo General de Educaci\u00f3n (CGE), Mart\u00edn M\u00fcller, se reunieron para organizar la agenda operativa de 2023 &nbsp; &nbsp; En la oportunidad, el presidente de Iosper interioriz\u00f3 al funcionario p\u00fablico sobre el funcionamiento de la Obra Social, y su equilibrio econ\u00f3mico y financiero, y las acciones que lleva adelante la prestadora de salud, para la atenci\u00f3n de sus afiliados. Ca\u00f1ete precis\u00f3 que fue \u201cuna reuni\u00f3n muy amena&#8230;<\/p>\n","protected":false},"author":3,"featured_media":98140,"comment_status":"closed","ping_status":"closed","sticky":false,"template":"","format":"standard","meta":[],"categories":[15],"tags":[],"_links":{"self":[{"href":"https:\/\/www.actualidadadiario.com\/index.php\/wp-json\/wp\/v2\/posts\/98139"}],"collection":[{"href":"https:\/\/www.actualidadadiario.com\/index.php\/wp-json\/wp\/v2\/posts"}],"about":[{"href":"https:\/\/www.actualidadadiario.com\/index.php\/wp-json\/wp\/v2\/types\/post"}],"author":[{"embeddable":true,"href":"https:\/\/www.actualidadadiario.com\/index.php\/wp-json\/wp\/v2\/users\/3"}],"replies":[{"embeddable":true,"href":"https:\/\/www.actualidadadiario.com\/index.php\/wp-json\/wp\/v2\/comments?post=98139"}],"version-history":[{"count":1,"href":"https:\/\/www.actualidadadiario.com\/index.php\/wp-json\/wp\/v2\/posts\/98139\/revisions"}],"predecessor-version":[{"id":98141,"href":"https:\/\/www.actualidadadiario.com\/index.php\/wp-json\/wp\/v2\/posts\/98139\/revisions\/98141"}],"wp:featuredmedia":[{"embeddable":true,"href":"https:\/\/www.actualidadadiario.com\/index.php\/wp-json\/wp\/v2\/media\/98140"}],"wp:attachment":[{"href":"https:\/\/www.actualidadadiario.com\/index.php\/wp-json\/wp\/v2\/media?parent=98139"}],"wp:term":[{"taxonomy":"category","embeddable":true,"href":"https:\/\/www.actualidadadiario.com\/index.php\/wp-json\/wp\/v2\/categories?post=98139"},{"taxonomy":"post_tag","embeddable":true,"href":"https:\/\/www.actualidadadiario.com\/index.php\/wp-json\/wp\/v2\/tags?post=98139"}],"curies":[{"name":"wp","href":"https:\/\/api.w.org\/{rel}","templated":true}]}}