{"id":98135,"date":"2023-02-24T14:07:23","date_gmt":"2023-02-24T17:07:23","guid":{"rendered":"https:\/\/www.actualidadadiario.com\/?p=98135"},"modified":"2023-02-24T14:07:23","modified_gmt":"2023-02-24T17:07:23","slug":"bordet-se-despega-de-schiaretti-y-la-ruptura-del-bloque-en-el-senado","status":"publish","type":"post","link":"https:\/\/www.actualidadadiario.com\/index.php\/2023\/02\/24\/bordet-se-despega-de-schiaretti-y-la-ruptura-del-bloque-en-el-senado\/","title":{"rendered":"Bordet se despega de Schiaretti y la ruptura del bloque en el Senado"},"content":{"rendered":"<p style=\"text-align: center;\"><em><strong>El gobernador desautoriz\u00f3 al senador entrerriano Kueider, que tuvo que aclarar que no se va del Frente de Todos<\/strong><\/em><\/p>\n<p>&nbsp;<\/p>\n<p>&nbsp;<\/p>\n<p>El gobernador de Entre R\u00edos, Gustavo Bordet, se despeg\u00f3 de la maniobra de Juan Schiaretti y Alberto Rodr\u00edguez Sa\u00e1 para romper el bloque del Frente de Todos en el Senado y desautoriz\u00f3 a su senador Edgardo Kueider, que tuvo que aclarar que no se va del oficialismo.<\/p>\n<p>&#8220;Las fracturas s\u00f3lo contribuyen a generar grietas (&#8230;) Nuestra pertenencia a este proyecto no tiene dudas ni condicionamientos&#8221;, afirm\u00f3 Bordet luego de que Kueider -un dirigente de su entorno m\u00e1s cercano- se sumara a la jugada para dividir al peronismo y dejarlo sin qu\u00f3rum.<\/p>\n<p>Bordet ratific\u00f3 de esa forma su permanencia en el Frente de Todos y desactiv\u00f3 al menos moment\u00e1neamente las versiones que lo daban cerca del armado que impulsa Schiaretti con los gobernadores descontentos con la Casa Rosada.<\/p>\n<p>Esas versiones estaban alimentadas tambi\u00e9n por los \u00faltimos movimientos de Bordet, que tras ser uno de los gobernadores m\u00e1s cercanos a Alberto Fern\u00e1ndez empez\u00f3 a tomar distancia y ni siquiera quiso firmar el pedido de juicio pol\u00edtico a la Corte Suprema, exponiendo adem\u00e1s que lo hab\u00edan sumado sin su consentimiento.<\/p>\n<p>El despegue de Bordet oblig\u00f3 al propio Kueider a salir a bajarle el tono a la jugada en el Senado y a ratificar que permanece dentro del oficialismo, a pesar de compartir bloque con una opositora como la schiarettista Alejandra Vigo.<\/p>\n<p>&#8220;Estamos alineados al Frente de Todos&#8221;, explic\u00f3 Kueider, tras asegurar que no se fue del oficialismo y que la jugada s\u00f3lo es parte de &#8220;una estrategia legislativa&#8221;. El entrerriano dijo que su salida &#8220;no tiene que ver con romper ni desarmar nada, por lo que es no es necesario que haya una preocupaci\u00f3n por parte del Frente de Todos&#8221;. &#8220;Nosotros no buscamos convertirnos en oposici\u00f3n&#8221;, aclar\u00f3 en radio Perfil.<\/p>\n<p>&#8220;La decisi\u00f3n es m\u00eda y lo eximo al gobernador porque entiendo que esto tiene un costo pol\u00edtico de acuerdo a la interpretaci\u00f3n que se le d\u00e9. Yo no creo que le estamos haciendo un juego a la oposici\u00f3n&#8221;, complet\u00f3 Kueider.<\/p>\n","protected":false},"excerpt":{"rendered":"<p>El gobernador desautoriz\u00f3 al senador entrerriano Kueider, que tuvo que aclarar que no se va del Frente de Todos &nbsp; &nbsp; El gobernador de Entre R\u00edos, Gustavo Bordet, se despeg\u00f3 de la maniobra de Juan Schiaretti y Alberto Rodr\u00edguez Sa\u00e1 para romper el bloque del Frente de Todos en el Senado y desautoriz\u00f3 a su senador Edgardo Kueider, que tuvo que aclarar que no se va del oficialismo. &#8220;Las fracturas s\u00f3lo contribuyen a generar grietas (&#8230;) Nuestra pertenencia a este proyecto no tiene dudas ni condicionamientos&#8221;, afirm\u00f3 Bordet luego de&#8230;<\/p>\n","protected":false},"author":3,"featured_media":96437,"comment_status":"closed","ping_status":"closed","sticky":false,"template":"","format":"standard","meta":[],"categories":[9,15],"tags":[],"_links":{"self":[{"href":"https:\/\/www.actualidadadiario.com\/index.php\/wp-json\/wp\/v2\/posts\/98135"}],"collection":[{"href":"https:\/\/www.actualidadadiario.com\/index.php\/wp-json\/wp\/v2\/posts"}],"about":[{"href":"https:\/\/www.actualidadadiario.com\/index.php\/wp-json\/wp\/v2\/types\/post"}],"author":[{"embeddable":true,"href":"https:\/\/www.actualidadadiario.com\/index.php\/wp-json\/wp\/v2\/users\/3"}],"replies":[{"embeddable":true,"href":"https:\/\/www.actualidadadiario.com\/index.php\/wp-json\/wp\/v2\/comments?post=98135"}],"version-history":[{"count":1,"href":"https:\/\/www.actualidadadiario.com\/index.php\/wp-json\/wp\/v2\/posts\/98135\/revisions"}],"predecessor-version":[{"id":98136,"href":"https:\/\/www.actualidadadiario.com\/index.php\/wp-json\/wp\/v2\/posts\/98135\/revisions\/98136"}],"wp:featuredmedia":[{"embeddable":true,"href":"https:\/\/www.actualidadadiario.com\/index.php\/wp-json\/wp\/v2\/media\/96437"}],"wp:attachment":[{"href":"https:\/\/www.actualidadadiario.com\/index.php\/wp-json\/wp\/v2\/media?parent=98135"}],"wp:term":[{"taxonomy":"category","embeddable":true,"href":"https:\/\/www.actualidadadiario.com\/index.php\/wp-json\/wp\/v2\/categories?post=98135"},{"taxonomy":"post_tag","embeddable":true,"href":"https:\/\/www.actualidadadiario.com\/index.php\/wp-json\/wp\/v2\/tags?post=98135"}],"curies":[{"name":"wp","href":"https:\/\/api.w.org\/{rel}","templated":true}]}}