{"id":98132,"date":"2023-02-24T14:06:27","date_gmt":"2023-02-24T17:06:27","guid":{"rendered":"https:\/\/www.actualidadadiario.com\/?p=98132"},"modified":"2023-02-24T14:06:27","modified_gmt":"2023-02-24T17:06:27","slug":"tras-romperse-el-bloque-en-el-senado-kueider-aseguro-que-sigue-en-el-frente-de-todos","status":"publish","type":"post","link":"https:\/\/www.actualidadadiario.com\/index.php\/2023\/02\/24\/tras-romperse-el-bloque-en-el-senado-kueider-aseguro-que-sigue-en-el-frente-de-todos\/","title":{"rendered":"Tras romperse el bloque en el Senado, Kueider asegur\u00f3 que sigue en el Frente de Todos"},"content":{"rendered":"<p style=\"text-align: center;\"><em><strong>El entrerriano es uno de los cuatro senadores que abandonaron el bloque oficialista para integrar el de Unidad Federal, junto a Alejandra Vigo. \u201cNo tengo nada que ver con Schiaretti\u201d<\/strong><\/em><\/p>\n<p>&nbsp;<\/p>\n<p>&nbsp;<\/p>\n<p>&nbsp;<\/p>\n<p>El senador Edgardo Kueider, uno de los miembros del nuevo bloque Unidad Federal en el Senado de la Naci\u00f3n, afirm\u00f3 este jueves que a\u00fan forma parte del Frente de Todos y que no tiene &#8220;nada que ver&#8221; con el gobernador de C\u00f3rdoba, Juan Schiaretti.<\/p>\n<p>\u201cNo tengo nada que ver con Schiaretti. Pertenezco al Frente de Todos y respondo a la mesa nacional del Frente de Todos; Vigo responder\u00e1 a Schiaretti y Catalfamo a quien corresponda. Hacemos esto para reivindicar reclamos de las provincias\u201d, dijo.<\/p>\n<p>El senador Edgardo Kueider, uno de los miembros del nuevo bloque Unidad Federal en el Senado de la Naci\u00f3n, afirm\u00f3 este jueves que a\u00fan forma parte del Frente de Todos y que no tiene &#8220;nada que ver&#8221; con el gobernador de C\u00f3rdoba, Juan Schiaretti.<\/p>\n<p>\u201cNo tengo nada que ver con Schiaretti. Pertenezco al Frente de Todos y respondo a la mesa nacional del Frente de Todos; Vigo responder\u00e1 a Schiaretti y Catalfamo a quien corresponda. Hacemos esto para reivindicar reclamos de las provincias\u201d, dijo al m\u00f3vil de Cadena 3.<\/p>\n<p>&nbsp;<\/p>\n<p><strong>Interna en el oficialismo<\/strong><\/p>\n<p>\u201cQuiero dejarlo en claro, tiene que ver estrictamente con una cuesti\u00f3n de intereses provinciales que queremos poner en \u00e9nfasis aqu\u00ed. Esto es una conformaci\u00f3n de un bloque nuevo, que va a tener su autonom\u00eda de funcionamiento. No tiene nada que ver con la interna nacional ni posicionamientos electorales\u201d, complet\u00f3.<\/p>\n<p>Estas declaraciones se dan luego de la decisi\u00f3n, comunicada este mi\u00e9rcoles, de cuatro senadores nacionales del Frente de Todos de crear un nuevo espacio pol\u00edtico en la C\u00e1mara alta, con lo que dejaron de pertenecer a la bancada oficialista que conduce Jos\u00e9 Mayans, con el declarado prop\u00f3sito de construir consensos mediante el di\u00e1logo de cara al nuevo a\u00f1o parlamentario.<\/p>\n<p>Acompa\u00f1an a Kueider (Entre R\u00edos), los senadores Guillermo Snopek (Jujuy), Edgardo Carlos Camau Esp\u00ednola (Corrientes) y Mar\u00eda Eugenia Catalfamo (San Luis). Tambi\u00e9n forma parte de ese espacio la senadora nacional por C\u00f3rdoba, Alejandra Vigo (C\u00f3rdoba Federal), esposa del gobernador de esa provincia, Juan Schiaretti.<\/p>\n<p>Con la partida de estos cuatro senadores, el interbloque del FdT quedar\u00e1 con 31 integrantes, con lo que perder\u00e1 la alternativa de constituir el qu\u00f3rum de 37 legisladores presentes requerido para iniciar los debates en la C\u00e1mara alta.<\/p>\n","protected":false},"excerpt":{"rendered":"<p>El entrerriano es uno de los cuatro senadores que abandonaron el bloque oficialista para integrar el de Unidad Federal, junto a Alejandra Vigo. \u201cNo tengo nada que ver con Schiaretti\u201d &nbsp; &nbsp; &nbsp; El senador Edgardo Kueider, uno de los miembros del nuevo bloque Unidad Federal en el Senado de la Naci\u00f3n, afirm\u00f3 este jueves que a\u00fan forma parte del Frente de Todos y que no tiene &#8220;nada que ver&#8221; con el gobernador de C\u00f3rdoba, Juan Schiaretti. \u201cNo tengo nada que ver con Schiaretti. Pertenezco al Frente de Todos y&#8230;<\/p>\n","protected":false},"author":3,"featured_media":98133,"comment_status":"closed","ping_status":"closed","sticky":false,"template":"","format":"standard","meta":[],"categories":[15],"tags":[],"_links":{"self":[{"href":"https:\/\/www.actualidadadiario.com\/index.php\/wp-json\/wp\/v2\/posts\/98132"}],"collection":[{"href":"https:\/\/www.actualidadadiario.com\/index.php\/wp-json\/wp\/v2\/posts"}],"about":[{"href":"https:\/\/www.actualidadadiario.com\/index.php\/wp-json\/wp\/v2\/types\/post"}],"author":[{"embeddable":true,"href":"https:\/\/www.actualidadadiario.com\/index.php\/wp-json\/wp\/v2\/users\/3"}],"replies":[{"embeddable":true,"href":"https:\/\/www.actualidadadiario.com\/index.php\/wp-json\/wp\/v2\/comments?post=98132"}],"version-history":[{"count":1,"href":"https:\/\/www.actualidadadiario.com\/index.php\/wp-json\/wp\/v2\/posts\/98132\/revisions"}],"predecessor-version":[{"id":98134,"href":"https:\/\/www.actualidadadiario.com\/index.php\/wp-json\/wp\/v2\/posts\/98132\/revisions\/98134"}],"wp:featuredmedia":[{"embeddable":true,"href":"https:\/\/www.actualidadadiario.com\/index.php\/wp-json\/wp\/v2\/media\/98133"}],"wp:attachment":[{"href":"https:\/\/www.actualidadadiario.com\/index.php\/wp-json\/wp\/v2\/media?parent=98132"}],"wp:term":[{"taxonomy":"category","embeddable":true,"href":"https:\/\/www.actualidadadiario.com\/index.php\/wp-json\/wp\/v2\/categories?post=98132"},{"taxonomy":"post_tag","embeddable":true,"href":"https:\/\/www.actualidadadiario.com\/index.php\/wp-json\/wp\/v2\/tags?post=98132"}],"curies":[{"name":"wp","href":"https:\/\/api.w.org\/{rel}","templated":true}]}}