{"id":98123,"date":"2023-02-24T14:03:55","date_gmt":"2023-02-24T17:03:55","guid":{"rendered":"https:\/\/www.actualidadadiario.com\/?p=98123"},"modified":"2023-02-24T14:03:55","modified_gmt":"2023-02-24T17:03:55","slug":"german-martinez-seria-un-papelon-que-stornelli-no-vaya-a-la-comision-de-juicio-politico","status":"publish","type":"post","link":"https:\/\/www.actualidadadiario.com\/index.php\/2023\/02\/24\/german-martinez-seria-un-papelon-que-stornelli-no-vaya-a-la-comision-de-juicio-politico\/","title":{"rendered":"Germ\u00e1n Mart\u00ednez: &#8220;Ser\u00eda un papel\u00f3n que Stornelli no vaya a la comisi\u00f3n de juicio pol\u00edtico&#8221;"},"content":{"rendered":"<p style=\"text-align: center;\"><em><strong>El presidente del bloque de diputados nacionales del Frente de Todos destac\u00f3 que se est\u00e1 haciendo una tarea &#8220;muy ordenada y muy sistem\u00e1tica&#8221; en la comisi\u00f3n de juicio pol\u00edtico. Recalc\u00f3 el llamado a fiscal federal<\/strong><\/em><\/p>\n<p>&nbsp;<\/p>\n<p>&nbsp;<\/p>\n<p>El presidente del bloque de diputados nacionales del Frente de Todos, Germ\u00e1n Mart\u00ednez, destac\u00f3 este viernes que se est\u00e1 haciendo una tarea &#8220;muy ordenada y muy sistem\u00e1tica&#8221; por parte del Frente de Todos (FdT) en el marco de la Comisi\u00f3n de Juicio Pol\u00edtico en el proceso abierto en relaci\u00f3n a los integrantes de la Corte Suprema de Justicia y consider\u00f3 que &#8220;ser\u00eda un papel\u00f3n&#8221; que el fiscal federal Carlos Stornelli no se presente luego de ser citado.<\/p>\n<p>&#8220;Estamos queriendo dejar en claro que hay una red de v\u00ednculos que despu\u00e9s termina influyendo en las decisiones de los jueces. Se est\u00e1 haciendo una tarea muy ordenada y muy sistem\u00e1tica por parte de nuestro bloque. Pensaron que \u00edbamos a ir como jaur\u00eda desesperada y estamos yendo paso a paso&#8221;, afirm\u00f3 Mart\u00ednez en declaraciones formuladas esta ma\u00f1ana a Radio 10.<\/p>\n<p>Ayer, los jueces federales Sebasti\u00e1n Ramos (Ciudad de Buenos Aires) y Alejo Ramos Padilla (La Plata) brindaron testimonio en la Comisi\u00f3n de Juicio Pol\u00edtico de la C\u00e1mara de Diputados, en la primera de las audiencias testimoniales.<\/p>\n<p>Se trat\u00f3 del quinto encuentro por el proceso que se le sigue a los magistrados del m\u00e1ximo tribunal, Horacio Rosatti (Presidente), Carlos Rosekrantz, Juan Carlos Maqueda y Ricardo Lorenzetti.<\/p>\n<p>&nbsp;<\/p>\n<p><strong>Juicio pol\u00edtico a la Corte Suprema: m\u00e1s convocados<\/strong><\/p>\n<p>La convocatoria de ambos magistrados federales estuvo vinculada al cap\u00edtulo judicial de la filtraci\u00f3n de las supuestas conversaciones por chat a trav\u00e9s de la red social Telegram atribuidas a Silvio Robles, colaborador del presidente de la Corte Suprema, y Marcelo D\u00b4Alessandro, ministro de Seguridad y Justicia de la Ciudad de Buenos Aires en uso de licencia, en las que se refer\u00edan a casos que estaban bajo estudio del m\u00e1ximo tribunal conocidos como &#8220;Consejo de la Magistratura&#8221; y &#8220;Coparticipaci\u00f3n&#8221;.<\/p>\n<p>En ese marco, Mart\u00ednez subray\u00f3 que, desde el FdT, est\u00e1n &#8220;seguros&#8221; de lo que est\u00e1n impulsando, como as\u00ed tambi\u00e9n de &#8220;los hechos que estamos denunciando y de las pruebas que estamos ofreciendo&#8221;.<\/p>\n<p>&#8220;Tuvimos ocho horas de trabajo donde una fue de debate pol\u00edtico y, despu\u00e9s, siete horas intensas para escuchar a los testigos. Citamos a nueve testigos. Excepto (el exsenador radical) Mario Cimadevilla, que pidi\u00f3 ser reprogramado, todos los otros estuvieron y respondieron las preguntas de los diputados de todos los bloques. Fue muy importante&#8221;, asegur\u00f3.<\/p>\n<p>Para Mart\u00ednez, &#8220;fue muy valioso&#8221; que los jueces federales Ramos y Ramos Padilla hablaran de un mismo hecho y se produzca un &#8220;intercambio de miradas&#8221;.<\/p>\n<p>&#8220;Nos llev\u00f3 a citar a los dos fiscales (Stornelli y Mar\u00eda Laura Roteta). Ramos dijo que dio lugar a lo que le pidi\u00f3 al fiscal Stornelli. Hay que escuchar por qu\u00e9 Stornelli consideraba que hab\u00eda que archivar en tiempo r\u00e9cord durante la fiesta judicial&#8221;, afirm\u00f3 Mart\u00ednez en referencia a la causa que investigaba los chats filtrados.<\/p>\n<p>&#8220;Ayer hubo dos jueces federales presentes que dijeron todo lo que ten\u00edan que decir. Seria un papel\u00f3n que Stornelli no vaya a la Comisi\u00f3n de Juicio Pol\u00edtico&#8221;, agreg\u00f3.<\/p>\n<p>Por otro lado, calific\u00f3 como &#8220;un papel\u00f3n&#8221; que la oposici\u00f3n haya presentado un documento y luego sus integrantes abandonaran el recinto, aunque luego legisladores de la Coalici\u00f3n C\u00edvica regresaron con el argumento de &#8220;velar por el cumplimiento del debido proceso&#8221;,<\/p>\n<p>&#8220;Algunos volvieron al rato. Los \u00fanicos que no lo hicieron fueron los del PRO. Los diputados de la UCR y la Coalici\u00f3n C\u00edvica regresaron e hicieron preguntas a los testigos&#8221;, apunt\u00f3 Germ\u00e1n Mart\u00ednez.<\/p>\n<p>Asimismo, sostuvo que el diario La Naci\u00f3n est\u00e1 llevando adelante una &#8220;operaci\u00f3n medi\u00e1tica contra el juicio pol\u00edtico&#8221;, en la que llegan a &#8220;tergiversar en sus t\u00edtulos los buenos materiales period\u00edsticos que generan sus propios periodistas&#8221;.<\/p>\n<p>&#8220;Si no tuvieran la cobertura y el blindaje medi\u00e1tico que tienen estos jueces y esta Corte Suprema de Justicia en poco tiempo habr\u00eda un dictamen en contra de ellos y una acusaci\u00f3n en el recinto&#8221;, asegur\u00f3.<\/p>\n","protected":false},"excerpt":{"rendered":"<p>El presidente del bloque de diputados nacionales del Frente de Todos destac\u00f3 que se est\u00e1 haciendo una tarea &#8220;muy ordenada y muy sistem\u00e1tica&#8221; en la comisi\u00f3n de juicio pol\u00edtico. Recalc\u00f3 el llamado a fiscal federal &nbsp; &nbsp; El presidente del bloque de diputados nacionales del Frente de Todos, Germ\u00e1n Mart\u00ednez, destac\u00f3 este viernes que se est\u00e1 haciendo una tarea &#8220;muy ordenada y muy sistem\u00e1tica&#8221; por parte del Frente de Todos (FdT) en el marco de la Comisi\u00f3n de Juicio Pol\u00edtico en el proceso abierto en relaci\u00f3n a los integrantes de&#8230;<\/p>\n","protected":false},"author":3,"featured_media":98124,"comment_status":"closed","ping_status":"closed","sticky":false,"template":"","format":"standard","meta":[],"categories":[18],"tags":[],"_links":{"self":[{"href":"https:\/\/www.actualidadadiario.com\/index.php\/wp-json\/wp\/v2\/posts\/98123"}],"collection":[{"href":"https:\/\/www.actualidadadiario.com\/index.php\/wp-json\/wp\/v2\/posts"}],"about":[{"href":"https:\/\/www.actualidadadiario.com\/index.php\/wp-json\/wp\/v2\/types\/post"}],"author":[{"embeddable":true,"href":"https:\/\/www.actualidadadiario.com\/index.php\/wp-json\/wp\/v2\/users\/3"}],"replies":[{"embeddable":true,"href":"https:\/\/www.actualidadadiario.com\/index.php\/wp-json\/wp\/v2\/comments?post=98123"}],"version-history":[{"count":1,"href":"https:\/\/www.actualidadadiario.com\/index.php\/wp-json\/wp\/v2\/posts\/98123\/revisions"}],"predecessor-version":[{"id":98125,"href":"https:\/\/www.actualidadadiario.com\/index.php\/wp-json\/wp\/v2\/posts\/98123\/revisions\/98125"}],"wp:featuredmedia":[{"embeddable":true,"href":"https:\/\/www.actualidadadiario.com\/index.php\/wp-json\/wp\/v2\/media\/98124"}],"wp:attachment":[{"href":"https:\/\/www.actualidadadiario.com\/index.php\/wp-json\/wp\/v2\/media?parent=98123"}],"wp:term":[{"taxonomy":"category","embeddable":true,"href":"https:\/\/www.actualidadadiario.com\/index.php\/wp-json\/wp\/v2\/categories?post=98123"},{"taxonomy":"post_tag","embeddable":true,"href":"https:\/\/www.actualidadadiario.com\/index.php\/wp-json\/wp\/v2\/tags?post=98123"}],"curies":[{"name":"wp","href":"https:\/\/api.w.org\/{rel}","templated":true}]}}