{"id":98118,"date":"2023-02-24T14:02:26","date_gmt":"2023-02-24T17:02:26","guid":{"rendered":"https:\/\/www.actualidadadiario.com\/?p=98118"},"modified":"2023-02-24T14:02:26","modified_gmt":"2023-02-24T17:02:26","slug":"gerardo-morales-anuncio-que-lanzara-su-precandidatura-presidencial","status":"publish","type":"post","link":"https:\/\/www.actualidadadiario.com\/index.php\/2023\/02\/24\/gerardo-morales-anuncio-que-lanzara-su-precandidatura-presidencial\/","title":{"rendered":"Gerardo Morales anunci\u00f3 que lanzar\u00e1 su precandidatura presidencial"},"content":{"rendered":"<p style=\"text-align: center;\"><em><strong>As\u00ed lo hizo saber durante un encuentro que mantuvo con la conducci\u00f3n del Comit\u00e9 Nacional de la Corriente de Opini\u00f3n Nacional y un nutrido grupo de dirigentes de la provincia de Buenos Aires, que se pronunciaron a favor de las aspiraciones del mandatario juje\u00f1o<\/strong><\/em><\/p>\n<p>&nbsp;<\/p>\n<p>&nbsp;<\/p>\n<p>El gobernador radical de Jujuy, Gerardo Morales, anunci\u00f3 que lanzar\u00e1 su precandidatura a presidente el pr\u00f3ximo 15 de marzo, en un acto a realizarse en el estadio Luna Park o en otro escenario de la Ciudad Aut\u00f3noma de Buenos Aires.<\/p>\n<p>As\u00ed lo hizo saber durante un encuentro que mantuvo con la conducci\u00f3n del Comit\u00e9 Nacional de la Corriente de Opini\u00f3n Nacional y un nutrido grupo de dirigentes de la provincia de Buenos Aires, que se pronunciaron a favor de las aspiraciones del juje\u00f1o.<\/p>\n<p>&#8220;Es sin duda el mejor candidato que tiene el radicalismo&#8221;, sentenci\u00f3 a su turno Federico Storani a la cabeza de la CON.<\/p>\n<p>De esta manera, la Corriente de Opini\u00f3n Nacional prolong\u00f3 la cadena de manifestaciones de apoyo vertidas por diversas l\u00edneas radicales a favor de las aspiraciones presidencialistas de Morales, tales como la de Mart\u00edn Lousteau de &#8220;Renovaci\u00f3n&#8221;, las cuales se acentuaron tras el triunfo logrado por el partido centenario en La Pampa dentro de la interna con el PRO, en el marco del primer test electoral del calendario 2023. As\u00ed qued\u00f3 reflejado un claro alineamiento detr\u00e1s de la figura del gobernador de Jujuy.<\/p>\n<p>El proyecto Morales 2023 sigue tomando vuelo con la maciza definici\u00f3n de intendentes, legisladores nacionales y provinciales, concejales y dirigentes bonaerenses, convencidos de que el norte\u00f1o encarna &#8220;ideales y valores democr\u00e1ticos y \u00e9ticos&#8221; del radicalismo, cualidades que se potencian con su &#8220;experiencia&#8221; en el ejercicio de gobernar y tomar decisiones.<\/p>\n<p>Tras agradecer el acompa\u00f1amiento, Morales hizo un llamado a la dirigencia nacional a &#8220;ser inteligentes&#8221; y &#8220;encontrar los caminos&#8221; para fortalecer la UCR.<\/p>\n<p>&#8220;Lo podemos hacer&#8221;, defini\u00f3 para luego anunciar el lanzamiento de su precandidatura presidencial el pr\u00f3ximo 15 de marzo.<\/p>\n<p>Adem\u00e1s, agreg\u00f3: &#8220;Tendremos tres meses para trabajar, con una mayor potencialidad territorial&#8221;.<\/p>\n<p>Asimismo, volvi\u00f3 a reclamar una &#8220;unidad partidaria&#8221; y se\u00f1al\u00f3: &#8220;La fortaleza de la Uni\u00f3n C\u00edvica Radical ser\u00e1 garant\u00eda de un verdadero gobierno de coalici\u00f3n con un 50% de funcionarios radicales, porque sabemos gobernar&#8221;.<\/p>\n<p>Anticip\u00f3 que se constituir\u00e1 un comit\u00e9 de campa\u00f1a en cada provincia y que la semana pr\u00f3xima quedar\u00e1 conformado el de Buenos Aires, cuyo rol ser\u00e1 &#8220;de suma importancia, porque en Buenos Aires hay que democratizar la lapicera&#8221;.<\/p>\n<p>&#8220;Lo mejor es impulsar un \u00fanico candidato radical a presidente y hacer todo el esfuerzo para que ese candidato llegue a las PASO, instancia a disputar con fuerza propia&#8221;, subray\u00f3.<\/p>\n<p>En otro orden, recalc\u00f3 que el pa\u00eds &#8220;necesita un presidente con liderazgo y car\u00e1cter, sustentado por un plan de gobierno con apoyo colectivo&#8221;, en el marco de un gobierno de coalici\u00f3n &#8220;que es lo que no se tuvo anteriormente, entre 2015 y 2019&#8221;.<\/p>\n<p>Consider\u00f3 que uno de los desaf\u00edos de Juntos por el Cambio es &#8220;mantener la centralidad&#8221; e &#8220;impedir la influencia de los extremos que terminan marcando el ritmo pol\u00edtico en algunas coaliciones&#8221;.<\/p>\n<p>En este sentido, llam\u00f3 a &#8220;no tomar atajos&#8221;, entendiendo que un eventual acuerdo con Javier Milei ser\u00eda un &#8220;rejunte&#8221;, por cuanto es &#8220;un farsante que cabalga sobre la bronca de la gente ante la pol\u00edtica, llev\u00e1ndola, especialmente a los j\u00f3venes, a un enga\u00f1o&#8221;.<\/p>\n<p>&#8220;Los problemas econ\u00f3micos y sociales que padecemos los argentinos, tienen origen en los problemas pol\u00edticos internos del Frente de Todos. Nosotros no podemos repetir esta experiencia y estamos trabajando en esa direcci\u00f3n&#8221;, plante\u00f3.<\/p>\n<p>Asimismo, estim\u00f3 que, a futuro, &#8220;tiene que gobernar la pol\u00edtica y no la econom\u00eda&#8221;, ya que &#8220;los economistas ortodoxos fracasaron&#8221;.<\/p>\n<p>&#8220;Desde la voluntad y la actitud, hay que construir poder pol\u00edtico para resolver problemas a diario. Por eso lo que viene es liderazgo, car\u00e1cter y saber dialogar&#8221;, manifest\u00f3.<\/p>\n<p>Desde esta visi\u00f3n, reivindic\u00f3 el congreso program\u00e1tico del radicalismo convocado en C\u00f3rdoba para abril, a los efectos de debatir ejes centrales de un plan de gobierno que, con posterioridad, ser\u00e1 puesto a consideraci\u00f3n de las otras fuerzas partidarias que integran Juntos por el Cambio.<\/p>\n<p>Por otra parte, se refiri\u00f3 a la particular situaci\u00f3n pol\u00edtica instalada en Mendoza, producto de diferencias entre el radicalismo y el PRO locales, asegurando que en su car\u00e1cter de presidente del partido har\u00e1 &#8220;todo lo que tenga que hacer&#8221; para garantizar la gobernabilidad radical en esa provincia. &#8220;No se hagan los distra\u00eddos&#8221;, fue el claro mensaje a la dirigencia mendocina.<\/p>\n","protected":false},"excerpt":{"rendered":"<p>As\u00ed lo hizo saber durante un encuentro que mantuvo con la conducci\u00f3n del Comit\u00e9 Nacional de la Corriente de Opini\u00f3n Nacional y un nutrido grupo de dirigentes de la provincia de Buenos Aires, que se pronunciaron a favor de las aspiraciones del mandatario juje\u00f1o &nbsp; &nbsp; El gobernador radical de Jujuy, Gerardo Morales, anunci\u00f3 que lanzar\u00e1 su precandidatura a presidente el pr\u00f3ximo 15 de marzo, en un acto a realizarse en el estadio Luna Park o en otro escenario de la Ciudad Aut\u00f3noma de Buenos Aires. As\u00ed lo hizo saber&#8230;<\/p>\n","protected":false},"author":3,"featured_media":87390,"comment_status":"closed","ping_status":"closed","sticky":false,"template":"","format":"standard","meta":[],"categories":[18],"tags":[],"_links":{"self":[{"href":"https:\/\/www.actualidadadiario.com\/index.php\/wp-json\/wp\/v2\/posts\/98118"}],"collection":[{"href":"https:\/\/www.actualidadadiario.com\/index.php\/wp-json\/wp\/v2\/posts"}],"about":[{"href":"https:\/\/www.actualidadadiario.com\/index.php\/wp-json\/wp\/v2\/types\/post"}],"author":[{"embeddable":true,"href":"https:\/\/www.actualidadadiario.com\/index.php\/wp-json\/wp\/v2\/users\/3"}],"replies":[{"embeddable":true,"href":"https:\/\/www.actualidadadiario.com\/index.php\/wp-json\/wp\/v2\/comments?post=98118"}],"version-history":[{"count":1,"href":"https:\/\/www.actualidadadiario.com\/index.php\/wp-json\/wp\/v2\/posts\/98118\/revisions"}],"predecessor-version":[{"id":98119,"href":"https:\/\/www.actualidadadiario.com\/index.php\/wp-json\/wp\/v2\/posts\/98118\/revisions\/98119"}],"wp:featuredmedia":[{"embeddable":true,"href":"https:\/\/www.actualidadadiario.com\/index.php\/wp-json\/wp\/v2\/media\/87390"}],"wp:attachment":[{"href":"https:\/\/www.actualidadadiario.com\/index.php\/wp-json\/wp\/v2\/media?parent=98118"}],"wp:term":[{"taxonomy":"category","embeddable":true,"href":"https:\/\/www.actualidadadiario.com\/index.php\/wp-json\/wp\/v2\/categories?post=98118"},{"taxonomy":"post_tag","embeddable":true,"href":"https:\/\/www.actualidadadiario.com\/index.php\/wp-json\/wp\/v2\/tags?post=98118"}],"curies":[{"name":"wp","href":"https:\/\/api.w.org\/{rel}","templated":true}]}}