{"id":98115,"date":"2023-02-24T14:01:42","date_gmt":"2023-02-24T17:01:42","guid":{"rendered":"https:\/\/www.actualidadadiario.com\/?p=98115"},"modified":"2023-02-24T14:01:42","modified_gmt":"2023-02-24T17:01:42","slug":"confirmado-daniel-scioli-sera-precandidato-a-presidente","status":"publish","type":"post","link":"https:\/\/www.actualidadadiario.com\/index.php\/2023\/02\/24\/confirmado-daniel-scioli-sera-precandidato-a-presidente\/","title":{"rendered":"Confirmado: Daniel Scioli ser\u00e1 precandidato a presidente"},"content":{"rendered":"<p style=\"text-align: center;\"><em><strong>El actual embajador argentino en Brasil confirm\u00f3 que se presentar\u00e1 en las PASO. Era uno de los nombres que m\u00e1s resonaban dentro del oficialismo<\/strong><\/em><\/p>\n<p>&nbsp;<\/p>\n<p>&nbsp;<\/p>\n<p>&nbsp;<\/p>\n<p>El embajador argentino en Brasil, Daniel Scioli, confirm\u00f3 este jueves que ser\u00e1 precandidato a presidente por el Frente de Todos en las PASO. De esta manera, es la primera figura definida del oficialismo que competir\u00e1 por un lugar en las elecciones presidenciales.<\/p>\n<p>El exvicepresidente asegur\u00f3 que &#8220;el pa\u00eds tiene un porvenir muy positivo&#8221; e indic\u00f3 que &#8220;inexorablemente tiene un gran destino porque tenemos sectores estrat\u00e9gicos que el mundo demanda y hay que desarrollarlos&#8221;.<\/p>\n<p>A su vez, hizo referencia a la carta abierta que public\u00f3 este martes en sus redes sociales para ratificar sus intenciones de ser candidato presidencial: &#8220;Siempre me compromet\u00ed. Nunca fui indiferente. No lo ser\u00e9 ahora, en la madurez de mi vida y con la experiencia a favor. La lealtad seguir\u00e1 siendo mi hoja de ruta&#8221;.<\/p>\n<p>En una entrevista en el programa televisivo C5N, Scioli indic\u00f3 que &#8220;El &#8216;cuenten conmigo&#8217; que escribi\u00f3 en aquella carta refiere a un &#8220;cuenten con mi experiencia para hacer lo que haya que hacer&#8221; y afirm\u00f3: &#8220;Voy a ser precandidato porque no puedo ser indiferente, no puedo encarar algo si no estoy convencido de que lo puedo hacer bien&#8221;.<\/p>\n<p>&#8220;Lo que est\u00e1 en disputa son dos modelos de pa\u00eds muy claros&#8221;, asever\u00f3 y record\u00f3 que durante el debate electoral en 2015 advirti\u00f3 que, en caso de que ganara Mauricio Macri, &#8220;volv\u00eda el Fondo&#8221; Monetario Internacional. &#8220;Esta vez no quiero tener raz\u00f3n, quiero tener la oportunidad de aplicar el otro camino hacia el futuro del pa\u00eds&#8221;.<\/p>\n<p>En referencia al debate que gira en torno a la importancia de realizar o no las PASO, Scioli indic\u00f3 que &#8220;potencian, son importantes&#8221; y permiten &#8220;que haya la mayor participaci\u00f3n posible&#8221;.<\/p>\n<p>El anuncio de su precandidatura se dio el mismo d\u00eda en el que el jefe de Gobierno porte\u00f1o, Horacio Rodr\u00edguez Larreta, tambi\u00e9n oficializ\u00f3 su precandidatura a presidente a trav\u00e9s de un video en sus redes sociales en donde asegur\u00f3 que quiere &#8220;iniciar el camino hacia vivir mejor, ahora la pregunta del mill\u00f3n es si estamos dispuestos a hacer las transformaciones que se necesitan&#8221;<\/p>\n<p>&nbsp;<\/p>\n<p><strong>Desarrollo productivo<\/strong><\/p>\n<p>En la misma entrevista, el exdiputado tambi\u00e9n se refiri\u00f3 al gasoducto N\u00e9stor Kirchner y aleg\u00f3 que &#8220;es el gran futuro de Argentina&#8221;. Tambi\u00e9n aludi\u00f3 a su gesti\u00f3n en la embajada argentina en el pa\u00eds hermano y asegur\u00f3 que le permiti\u00f3 &#8220;entender la agenda moderna, la inteligencia artificial, la demanda del sector agroalimentario, las preocupaciones de la juventud&#8221;.<\/p>\n<p>&#8220;\u00bfC\u00f3mo no vamos a tener esperanza y confianza en un pa\u00eds donde hay que poner toda la fuerza y los acuerdos para que lleguen inversiones? Hay que generar la confianza para que inviertan&#8221;, afirm\u00f3.<\/p>\n","protected":false},"excerpt":{"rendered":"<p>El actual embajador argentino en Brasil confirm\u00f3 que se presentar\u00e1 en las PASO. Era uno de los nombres que m\u00e1s resonaban dentro del oficialismo &nbsp; &nbsp; &nbsp; El embajador argentino en Brasil, Daniel Scioli, confirm\u00f3 este jueves que ser\u00e1 precandidato a presidente por el Frente de Todos en las PASO. De esta manera, es la primera figura definida del oficialismo que competir\u00e1 por un lugar en las elecciones presidenciales. El exvicepresidente asegur\u00f3 que &#8220;el pa\u00eds tiene un porvenir muy positivo&#8221; e indic\u00f3 que &#8220;inexorablemente tiene un gran destino porque tenemos&#8230;<\/p>\n","protected":false},"author":3,"featured_media":98116,"comment_status":"closed","ping_status":"closed","sticky":false,"template":"","format":"standard","meta":[],"categories":[18],"tags":[],"_links":{"self":[{"href":"https:\/\/www.actualidadadiario.com\/index.php\/wp-json\/wp\/v2\/posts\/98115"}],"collection":[{"href":"https:\/\/www.actualidadadiario.com\/index.php\/wp-json\/wp\/v2\/posts"}],"about":[{"href":"https:\/\/www.actualidadadiario.com\/index.php\/wp-json\/wp\/v2\/types\/post"}],"author":[{"embeddable":true,"href":"https:\/\/www.actualidadadiario.com\/index.php\/wp-json\/wp\/v2\/users\/3"}],"replies":[{"embeddable":true,"href":"https:\/\/www.actualidadadiario.com\/index.php\/wp-json\/wp\/v2\/comments?post=98115"}],"version-history":[{"count":1,"href":"https:\/\/www.actualidadadiario.com\/index.php\/wp-json\/wp\/v2\/posts\/98115\/revisions"}],"predecessor-version":[{"id":98117,"href":"https:\/\/www.actualidadadiario.com\/index.php\/wp-json\/wp\/v2\/posts\/98115\/revisions\/98117"}],"wp:featuredmedia":[{"embeddable":true,"href":"https:\/\/www.actualidadadiario.com\/index.php\/wp-json\/wp\/v2\/media\/98116"}],"wp:attachment":[{"href":"https:\/\/www.actualidadadiario.com\/index.php\/wp-json\/wp\/v2\/media?parent=98115"}],"wp:term":[{"taxonomy":"category","embeddable":true,"href":"https:\/\/www.actualidadadiario.com\/index.php\/wp-json\/wp\/v2\/categories?post=98115"},{"taxonomy":"post_tag","embeddable":true,"href":"https:\/\/www.actualidadadiario.com\/index.php\/wp-json\/wp\/v2\/tags?post=98115"}],"curies":[{"name":"wp","href":"https:\/\/api.w.org\/{rel}","templated":true}]}}