{"id":98113,"date":"2023-02-24T14:00:45","date_gmt":"2023-02-24T17:00:45","guid":{"rendered":"https:\/\/www.actualidadadiario.com\/?p=98113"},"modified":"2023-02-24T14:00:45","modified_gmt":"2023-02-24T17:00:45","slug":"calendario-electoral-cuando-se-realizaran-las-paso","status":"publish","type":"post","link":"https:\/\/www.actualidadadiario.com\/index.php\/2023\/02\/24\/calendario-electoral-cuando-se-realizaran-las-paso\/","title":{"rendered":"Calendario electoral: cu\u00e1ndo se realizar\u00e1n las PASO"},"content":{"rendered":"<p style=\"text-align: center;\"><em><strong>La C\u00e1mara Nacional Electoral, a trav\u00e9s de la Ley 26571 establece que las elecciones Primarias, Abiertas, Simult\u00e1neas y Obligatorias (PASO) se deben desarrollar en el mes de agosto<\/strong><\/em><\/p>\n<p>&nbsp;<\/p>\n<p>&nbsp;<\/p>\n<p>Este a\u00f1o los argentinos vuelven a las urnas para elegir al pr\u00f3ximo Presidente de la Naci\u00f3n y, si bien las fechas no fueron confirmadas oficialmente por la C\u00e1mara Nacional Electoral, se estima que las elecciones Primarias, Abiertas, Simult\u00e1neas y Obligatorias (PASO) se realizar\u00edan el 13 de agosto, mientras que las generales el 22 de octubre. Adem\u00e1s, ya pod\u00e9s consultar el padr\u00f3n electoral.<\/p>\n<p>Seg\u00fan establece la Ley 26571 de democratizaci\u00f3n de la representaci\u00f3n pol\u00edtica, la transparencia y la equidad electoral, las PASO se llevan a cabo el segundo domingo de agosto. Las elecciones generales tienen fecha para el cuarto domingo de octubre.<\/p>\n<p>En esas fechas, los argentinos elegir\u00e1n la f\u00f3rmula presidencial que gobierne los pr\u00f3ximos cuatro a\u00f1os, adem\u00e1s de los cargos de Jefe de Gobierno de la Ciudad de Buenos Aires, 21 gobernadores y la renovaci\u00f3n de bancas en la C\u00e1mara de Diputados y Senadores.<\/p>\n<p>Los \u00faltimos comicios primarios de 2021 contaron con una excepci\u00f3n: el Gobierno dispuso la fecha de elecciones para el 12 de septiembre, d\u00eda at\u00edpico para votar, debido a la crisis generada por el Covid-19. En ese entonces, se dispusieron m\u00e1s lugares de votaci\u00f3n y tambi\u00e9n se implement\u00f3 un protocolo sanitario especial.<\/p>\n<p>En esas fechas, los argentinos elegir\u00e1n la f\u00f3rmula presidencial que gobierne los pr\u00f3ximos cuatro a\u00f1os, adem\u00e1s de los cargos de Jefe de Gobierno de la Ciudad de Buenos Aires, 21 gobernadores y la renovaci\u00f3n de bancas en la C\u00e1mara de Diputados y Senadores.<\/p>\n<p>Los \u00faltimos comicios primarios de 2021 contaron con una excepci\u00f3n: el Gobierno dispuso la fecha de elecciones para el 12 de septiembre, d\u00eda at\u00edpico para votar, debido a la crisis generada por el Covid-19. En ese entonces, se dispusieron m\u00e1s lugares de votaci\u00f3n y tambi\u00e9n se implement\u00f3 un protocolo sanitario especial.<\/p>\n<p>&nbsp;<\/p>\n<p><strong>De cara a las PASO: estos son los candidatos confirmados<\/strong><\/p>\n<p>Con miras a las elecciones Primarias, Abiertas, Simult\u00e1neas y Obligatorias, dos candidatos confirmaron de manera oficial su postura para competir por el cargo de Presidente:<\/p>\n<p>Horacio Rodr\u00edguez Larreta lanz\u00f3 este jueves su primer spot de campa\u00f1a presidencial: el jefe de Gobierno de la Ciudad de Buenos Aires public\u00f3 un video en redes sociales en el que formaliz\u00f3 sus intenciones: &#8220;Quiero ser un buen Presidente&#8221;, expres\u00f3 en el mensaje. &#8220;Quiero ser presidente para que juntos terminemos con el odio y transformemos nuestro pa\u00eds para siempre&#8221;, tuite\u00f3 el referente del PRO.<\/p>\n<p>Daniel Scioli fue el primer nombre dentro del Frente de Todos en ponerse el traje de candidato. El embajador argentino en Brasil lo confirm\u00f3 en declaraciones con C5N. \u201cVoy a ser precandidato en las PASO\u201d, adelant\u00f3. D\u00edas atr\u00e1s hab\u00eda publicado una carta en sus redes sociales en la que afirm\u00f3 que &#8220;cuentan&#8221; con \u00e9l, &#8220;como siempre&#8221;, al hacer referencia a sus planes para este a\u00f1o electoral y sostuvo que se encuentra con &#8220;con m\u00e1s fe y esperanza que nunca&#8221;.<\/p>\n","protected":false},"excerpt":{"rendered":"<p>La C\u00e1mara Nacional Electoral, a trav\u00e9s de la Ley 26571 establece que las elecciones Primarias, Abiertas, Simult\u00e1neas y Obligatorias (PASO) se deben desarrollar en el mes de agosto &nbsp; &nbsp; Este a\u00f1o los argentinos vuelven a las urnas para elegir al pr\u00f3ximo Presidente de la Naci\u00f3n y, si bien las fechas no fueron confirmadas oficialmente por la C\u00e1mara Nacional Electoral, se estima que las elecciones Primarias, Abiertas, Simult\u00e1neas y Obligatorias (PASO) se realizar\u00edan el 13 de agosto, mientras que las generales el 22 de octubre. Adem\u00e1s, ya pod\u00e9s consultar el&#8230;<\/p>\n","protected":false},"author":3,"featured_media":97109,"comment_status":"closed","ping_status":"closed","sticky":false,"template":"","format":"standard","meta":[],"categories":[9],"tags":[],"_links":{"self":[{"href":"https:\/\/www.actualidadadiario.com\/index.php\/wp-json\/wp\/v2\/posts\/98113"}],"collection":[{"href":"https:\/\/www.actualidadadiario.com\/index.php\/wp-json\/wp\/v2\/posts"}],"about":[{"href":"https:\/\/www.actualidadadiario.com\/index.php\/wp-json\/wp\/v2\/types\/post"}],"author":[{"embeddable":true,"href":"https:\/\/www.actualidadadiario.com\/index.php\/wp-json\/wp\/v2\/users\/3"}],"replies":[{"embeddable":true,"href":"https:\/\/www.actualidadadiario.com\/index.php\/wp-json\/wp\/v2\/comments?post=98113"}],"version-history":[{"count":1,"href":"https:\/\/www.actualidadadiario.com\/index.php\/wp-json\/wp\/v2\/posts\/98113\/revisions"}],"predecessor-version":[{"id":98114,"href":"https:\/\/www.actualidadadiario.com\/index.php\/wp-json\/wp\/v2\/posts\/98113\/revisions\/98114"}],"wp:featuredmedia":[{"embeddable":true,"href":"https:\/\/www.actualidadadiario.com\/index.php\/wp-json\/wp\/v2\/media\/97109"}],"wp:attachment":[{"href":"https:\/\/www.actualidadadiario.com\/index.php\/wp-json\/wp\/v2\/media?parent=98113"}],"wp:term":[{"taxonomy":"category","embeddable":true,"href":"https:\/\/www.actualidadadiario.com\/index.php\/wp-json\/wp\/v2\/categories?post=98113"},{"taxonomy":"post_tag","embeddable":true,"href":"https:\/\/www.actualidadadiario.com\/index.php\/wp-json\/wp\/v2\/tags?post=98113"}],"curies":[{"name":"wp","href":"https:\/\/api.w.org\/{rel}","templated":true}]}}