{"id":98111,"date":"2023-02-24T14:00:04","date_gmt":"2023-02-24T17:00:04","guid":{"rendered":"https:\/\/www.actualidadadiario.com\/?p=98111"},"modified":"2023-02-24T14:00:04","modified_gmt":"2023-02-24T17:00:04","slug":"congreso-el-gobierno-convoco-a-la-apertura-de-sesiones-ordinarias","status":"publish","type":"post","link":"https:\/\/www.actualidadadiario.com\/index.php\/2023\/02\/24\/congreso-el-gobierno-convoco-a-la-apertura-de-sesiones-ordinarias\/","title":{"rendered":"Congreso: el Gobierno convoc\u00f3 a la apertura de sesiones ordinarias"},"content":{"rendered":"<p style=\"text-align: center;\"><em><strong>El presidente realizar\u00e1 su discurso el pr\u00f3ximo mi\u00e9rcoles a las 11 horas, acompa\u00f1ado de sus ministros y de la vicepresidenta Cristina Kirchner, quien adem\u00e1s preside el Senado<\/strong><\/em><\/p>\n<p>&nbsp;<\/p>\n<p>&nbsp;<\/p>\n<p>El presidente Alberto Fern\u00e1ndez convoc\u00f3 este viernes a la apertura de sesiones ordinarias del Congreso de la Naci\u00f3n, la cual se realizar\u00e1 el pr\u00f3ximo mi\u00e9rcoles 1 de marzo a las 11 horas.<\/p>\n<p>El mandatario lo comunic\u00f3 a trav\u00e9s del Decreto 91\/2023 publicado en el Bolet\u00edn Oficial, con la firma del Presidente y del jefe de Gabinete, Agust\u00edn Rossi: &#8220;En uso de las facultades conferidas por el art\u00edculo 99 inciso 8 de la Constituci\u00f3n Nacional, el presidente de la Naci\u00f3n decreta: la apertura de las Sesiones Ordinarias del Honorable Congreso de la Naci\u00f3n correspondientes al a\u00f1o en curso se realizar\u00e1 el d\u00eda 1\u00b0 de marzo pr\u00f3ximo a las 11:00 horas&#8221;.<\/p>\n<p>Se trata de un acto institucional que se repite todos los a\u00f1os para dar comienzo a las actividades legislativas de manera oficial. Las sesiones, tanto en la C\u00e1mara baja como en la C\u00e1mara alta, inician el 1 de marzo y finalizan el 30 de noviembre de acuerdo a lo establecido por la Constituci\u00f3n Nacional.<\/p>\n<p>El discurso, que se transmitir\u00e1 mediante cadena nacional, ser\u00e1 el cuarto que llevar\u00e1 a cabo el Presidente ante el Parlamento desde el inicio de su gesti\u00f3n. Lo har\u00e1 acompa\u00f1ado de sus ministros y de la vicepresidenta Cristina Kirchner, presidenta del Senado.<\/p>\n<p>De esta forma, se volver\u00e1n a encontrar todas las fracciones del oficialismo, encabezadas por sus dirigentes m\u00e1ximos, el Presidente, y la titular del Senado quienes compartir\u00e1n el mi\u00e9rcoles, el acto de inicio en la C\u00e1mara alta.<\/p>\n<p>&nbsp;<\/p>\n<p><strong>\u00daltimo discurso ante el Congreso<\/strong><\/p>\n<p>En su \u00faltimo discurso ante los legisladores nacionales, Alberto Fern\u00e1ndez hizo un repaso de su gesti\u00f3n y habl\u00f3 del camino restante.<\/p>\n<p>Adem\u00e1s, en aquel entonces puso \u00e9nfasis en el momento \u201cbisagra\u201d para la Argentina y el mundo, entre la pandemia y la guerra, encauzar la recuperaci\u00f3n econ\u00f3mica, y solucionar el endeudamiento externo \u201cimpagable\u201d que dej\u00f3 la administraci\u00f3n de Mauricio Macri. Adem\u00e1s, hizo una contundente condena a la invasi\u00f3n militar de Rusia a Ucrania.<\/p>\n","protected":false},"excerpt":{"rendered":"<p>El presidente realizar\u00e1 su discurso el pr\u00f3ximo mi\u00e9rcoles a las 11 horas, acompa\u00f1ado de sus ministros y de la vicepresidenta Cristina Kirchner, quien adem\u00e1s preside el Senado &nbsp; &nbsp; El presidente Alberto Fern\u00e1ndez convoc\u00f3 este viernes a la apertura de sesiones ordinarias del Congreso de la Naci\u00f3n, la cual se realizar\u00e1 el pr\u00f3ximo mi\u00e9rcoles 1 de marzo a las 11 horas. El mandatario lo comunic\u00f3 a trav\u00e9s del Decreto 91\/2023 publicado en el Bolet\u00edn Oficial, con la firma del Presidente y del jefe de Gabinete, Agust\u00edn Rossi: &#8220;En uso de&#8230;<\/p>\n","protected":false},"author":3,"featured_media":97980,"comment_status":"closed","ping_status":"closed","sticky":false,"template":"","format":"standard","meta":[],"categories":[9],"tags":[],"_links":{"self":[{"href":"https:\/\/www.actualidadadiario.com\/index.php\/wp-json\/wp\/v2\/posts\/98111"}],"collection":[{"href":"https:\/\/www.actualidadadiario.com\/index.php\/wp-json\/wp\/v2\/posts"}],"about":[{"href":"https:\/\/www.actualidadadiario.com\/index.php\/wp-json\/wp\/v2\/types\/post"}],"author":[{"embeddable":true,"href":"https:\/\/www.actualidadadiario.com\/index.php\/wp-json\/wp\/v2\/users\/3"}],"replies":[{"embeddable":true,"href":"https:\/\/www.actualidadadiario.com\/index.php\/wp-json\/wp\/v2\/comments?post=98111"}],"version-history":[{"count":1,"href":"https:\/\/www.actualidadadiario.com\/index.php\/wp-json\/wp\/v2\/posts\/98111\/revisions"}],"predecessor-version":[{"id":98112,"href":"https:\/\/www.actualidadadiario.com\/index.php\/wp-json\/wp\/v2\/posts\/98111\/revisions\/98112"}],"wp:featuredmedia":[{"embeddable":true,"href":"https:\/\/www.actualidadadiario.com\/index.php\/wp-json\/wp\/v2\/media\/97980"}],"wp:attachment":[{"href":"https:\/\/www.actualidadadiario.com\/index.php\/wp-json\/wp\/v2\/media?parent=98111"}],"wp:term":[{"taxonomy":"category","embeddable":true,"href":"https:\/\/www.actualidadadiario.com\/index.php\/wp-json\/wp\/v2\/categories?post=98111"},{"taxonomy":"post_tag","embeddable":true,"href":"https:\/\/www.actualidadadiario.com\/index.php\/wp-json\/wp\/v2\/tags?post=98111"}],"curies":[{"name":"wp","href":"https:\/\/api.w.org\/{rel}","templated":true}]}}