{"id":98104,"date":"2023-02-23T15:03:29","date_gmt":"2023-02-23T18:03:29","guid":{"rendered":"https:\/\/www.actualidadadiario.com\/?p=98104"},"modified":"2023-02-23T15:03:29","modified_gmt":"2023-02-23T18:03:29","slug":"lula-armo-un-grupo-para-trabajar-contra-los-discursos-de-odio-en-medios-y-redes-sociales","status":"publish","type":"post","link":"https:\/\/www.actualidadadiario.com\/index.php\/2023\/02\/23\/lula-armo-un-grupo-para-trabajar-contra-los-discursos-de-odio-en-medios-y-redes-sociales\/","title":{"rendered":"Lula arm\u00f3 un grupo para trabajar contra los discursos de odio en medios y redes sociales"},"content":{"rendered":"<p style=\"text-align: center;\"><em><strong>El presidente brasile\u00f1o conform\u00f3 un dispositivo integrado por la exdiputada Manuela D&#8217;Avila y el youtuber e influencer Felipe Neto, que en los \u00faltimos a\u00f1os exigi\u00f3 a las plataformas detener &#8220;la destrucci\u00f3n de reputaciones&#8221;<\/strong><\/em><\/p>\n<p>&nbsp;<\/p>\n<p>&nbsp;<\/p>\n<p>El Gobierno del presidente Luiz In\u00e1cio Lula da Silva cre\u00f3 un grupo de trabajo especial para presentar estrategias en un plazo de 180 d\u00edas contra el discurso de odio y extremismo en la comunicaci\u00f3n, en especial en las plataformas digitales y redes sociales, y proponer pol\u00edticas p\u00fablicas de derechos humanos.<\/p>\n<p>El grupo de trabajo estar\u00e1 presidido por la exdiputada Manuela D&#8217;Avila y entre sus integrantes estar\u00e1 el youtuber e influencer Felipe Neto, quien en los \u00faltimos a\u00f1os exigi\u00f3 a las empresas due\u00f1as de las plataformas detener el discurso de odio y de destrucci\u00f3n de reputaciones.<\/p>\n<p>La decisi\u00f3n fue tomada por el ministro de Derechos Humanos y Ciudadan\u00eda, Silvio Almeida, y publicada en el Diario Oficial de la Uni\u00f3n.<\/p>\n<p>&#8220;Estar\u00e9 acompa\u00f1ada por activistas, investigadores y estudiosos del tema, gente que tiene mucho para contribuir para que Brasil se convierta en una referencia global de enfrentamiento al odio, extremismo, intolerancia y violencia creadas en estos ambientes&#8221;, dijo D&#8217;Avila, periodista cuyo trabajo de doctorado fue uno de los pioneros contra la manipulaci\u00f3n informativa en las redes para modificar percepciones en la opini\u00f3n p\u00fablica a partir de mentiras presentadas como noticias verdaderas.<\/p>\n<p>Los cargos no tendr\u00e1n remuneraci\u00f3n y participar\u00e1n tambi\u00e9n del grupo el abogado Camilo Onoda Caldas y la antrop\u00f3loga D\u00e9bora Diniz, entre otros especialistas.<\/p>\n<p>Una de las convocadas es la periodista de Folha de Sao Paulo Patricia Campos Mello.<\/p>\n<p>El grupo tambi\u00e9n estar\u00e1 integrado por cinco representantes del Ministerio de Derechos Humanos y Ciudadan\u00eda, uno de la Secretar\u00eda Nacional para la Promoci\u00f3n y Defensa de los Derechos Humanos; uno de la Secretar\u00eda Nacional de los Derechos de las Personas LGBTQIA+; uno de la Oficina de Participaci\u00f3n Social y Diversidad; uno del Asesor Especial en Comunicaci\u00f3n Social; y uno del Consejo Especial de Educaci\u00f3n y Cultura en Derechos Humanos.<\/p>\n<p>Tambi\u00e9n ser\u00e1n invitados a participar en la mesa de trabajo representantes de la Secretar\u00eda de Comunicaci\u00f3n Social de la Presidencia de la Rep\u00fablica, la Fiscal\u00eda General de la Naci\u00f3n y los ministerios de Educaci\u00f3n; de Igualdad Racial; Justicia y Seguridad P\u00fablica; de las mujeres; y Pueblos Ind\u00edgenas.<\/p>\n<p>Seg\u00fan la organizaci\u00f3n Safernet, que monitorea los delitos cibern\u00e9ticos y act\u00faa por la seguridad en internet, las denuncias de delitos de odio en la red crecieron un 67,7% en 2022.<\/p>\n<p>El a\u00f1o pasado, el Centro Nacional de Reportes de Delitos Cibern\u00e9ticos de la organizaci\u00f3n recibi\u00f3 m\u00e1s de 74 mil incidentes, seg\u00fan la estatal Agencia Brasil.<\/p>\n<p>El presidente Lula coloc\u00f3 el combate a la desinformaci\u00f3n y a la utilizaci\u00f3n de los medios de comunicaci\u00f3n como vectores de discurso de odio, como parte de la lucha contra la ultraderecha del expresidente Jair Bolsonaro.<\/p>\n<p>La agenda de Lula sobre el tema tuvo eco en su visita a Washington cuando se reuni\u00f3 este mes con el presidente estadounidense, Joe Biden.<\/p>\n<p>Brasil se posicion\u00f3 a favor de mecanismos para luchar contra el discurso de odio durante la Conferencia Global de la Unesco realizada en Par\u00eds el mi\u00e9rcoles.<\/p>\n<p>En una carta a ese evento, Lula propuso la regulaci\u00f3n multilateral a nivel global de las plataformas digitales para evitar que las gigantes big techs puedan afectar las decisiones de las democracias mediante la divulgaci\u00f3n de desinformaci\u00f3n y noticias falsas.<\/p>\n<p>&#8220;No podemos permitir que la integridad de nuestras democracias se vea afectada por las decisiones de unos pocos actores que hoy controlan las plataformas&#8221;, asegur\u00f3 Lula.<\/p>\n<p>La regulaci\u00f3n, enfatiz\u00f3, &#8221; debe garantizar el ejercicio de los derechos individuales y colectivos. Debe corregir las distorsiones de un modelo de negocio que genera ganancias explotando los datos personales de los usuarios. Para que sea eficiente, la regulaci\u00f3n de las plataformas debe prepararse con transparencia y mucha participaci\u00f3n social&#8221;.<\/p>\n<p>En otro tramo de su carta, Lula propuso que &#8220;a nivel internacional, debe coordinarse multilateralmente&#8221; y pidi\u00f3 a la comunidad mundial &#8220;trabajar ahora para brindar respuestas efectivas a este desafiante problema de nuestro tiempo&#8221;.<\/p>\n<p>En ese marco dijo que era necesario un &#8220;equilibrio&#8221; para garantizar el ejercicio de la libertad individual de expresi\u00f3n y a la vez &#8220;asegurar un derecho colectivo: el derecho de la sociedad a recibir informaci\u00f3n fidedigna, y no la mentira y la desinformaci\u00f3n&#8221;.<\/p>\n","protected":false},"excerpt":{"rendered":"<p>El presidente brasile\u00f1o conform\u00f3 un dispositivo integrado por la exdiputada Manuela D&#8217;Avila y el youtuber e influencer Felipe Neto, que en los \u00faltimos a\u00f1os exigi\u00f3 a las plataformas detener &#8220;la destrucci\u00f3n de reputaciones&#8221; &nbsp; &nbsp; El Gobierno del presidente Luiz In\u00e1cio Lula da Silva cre\u00f3 un grupo de trabajo especial para presentar estrategias en un plazo de 180 d\u00edas contra el discurso de odio y extremismo en la comunicaci\u00f3n, en especial en las plataformas digitales y redes sociales, y proponer pol\u00edticas p\u00fablicas de derechos humanos. El grupo de trabajo estar\u00e1&#8230;<\/p>\n","protected":false},"author":3,"featured_media":98105,"comment_status":"closed","ping_status":"closed","sticky":false,"template":"","format":"standard","meta":[],"categories":[4],"tags":[],"_links":{"self":[{"href":"https:\/\/www.actualidadadiario.com\/index.php\/wp-json\/wp\/v2\/posts\/98104"}],"collection":[{"href":"https:\/\/www.actualidadadiario.com\/index.php\/wp-json\/wp\/v2\/posts"}],"about":[{"href":"https:\/\/www.actualidadadiario.com\/index.php\/wp-json\/wp\/v2\/types\/post"}],"author":[{"embeddable":true,"href":"https:\/\/www.actualidadadiario.com\/index.php\/wp-json\/wp\/v2\/users\/3"}],"replies":[{"embeddable":true,"href":"https:\/\/www.actualidadadiario.com\/index.php\/wp-json\/wp\/v2\/comments?post=98104"}],"version-history":[{"count":1,"href":"https:\/\/www.actualidadadiario.com\/index.php\/wp-json\/wp\/v2\/posts\/98104\/revisions"}],"predecessor-version":[{"id":98106,"href":"https:\/\/www.actualidadadiario.com\/index.php\/wp-json\/wp\/v2\/posts\/98104\/revisions\/98106"}],"wp:featuredmedia":[{"embeddable":true,"href":"https:\/\/www.actualidadadiario.com\/index.php\/wp-json\/wp\/v2\/media\/98105"}],"wp:attachment":[{"href":"https:\/\/www.actualidadadiario.com\/index.php\/wp-json\/wp\/v2\/media?parent=98104"}],"wp:term":[{"taxonomy":"category","embeddable":true,"href":"https:\/\/www.actualidadadiario.com\/index.php\/wp-json\/wp\/v2\/categories?post=98104"},{"taxonomy":"post_tag","embeddable":true,"href":"https:\/\/www.actualidadadiario.com\/index.php\/wp-json\/wp\/v2\/tags?post=98104"}],"curies":[{"name":"wp","href":"https:\/\/api.w.org\/{rel}","templated":true}]}}