{"id":98090,"date":"2023-02-23T14:59:25","date_gmt":"2023-02-23T17:59:25","guid":{"rendered":"https:\/\/www.actualidadadiario.com\/?p=98090"},"modified":"2023-02-23T15:14:31","modified_gmt":"2023-02-23T18:14:31","slug":"la-provincia-brinda-herramientas-para-un-abordaje-saludable-del-ultimo-primer-dia-de-clases","status":"publish","type":"post","link":"https:\/\/www.actualidadadiario.com\/index.php\/2023\/02\/23\/la-provincia-brinda-herramientas-para-un-abordaje-saludable-del-ultimo-primer-dia-de-clases\/","title":{"rendered":"La Provincia brinda herramientas para un abordaje saludable del \u00daltimo Primer D\u00eda de clases"},"content":{"rendered":"<p style=\"text-align: center;\"><em><strong>De cara a los festejos del \u00daltimo Primer D\u00eda (UPD), la Subsecretar\u00eda de la Juventud, dependiente del Ministerio de Desarrollo Social, brinda herramientas para promover el consumo responsable a trav\u00e9s de un concurso audiovisual y recomendaciones de abordaje para la comunidad<\/strong><\/em><\/p>\n<p>&nbsp;<\/p>\n<p>&nbsp;<\/p>\n<p>Bajo la consigna \u201cNos Cuidamos Entre Todos\u201d y apuntando al compromiso comunitario, la iniciativa tiene como objetivo concientizar acerca del consumo problem\u00e1tico de alcohol y otras sustancias en lo que se denomina el UPD, donde las y los adolescentes que comienzan a transitar el \u00faltimo a\u00f1o de la escuela secundaria se congregan en espacios p\u00fablicos la noche previa al comienzo del ciclo lectivo.<\/p>\n<p>En ese sentido, la subsecretaria de la Juventud, Brenda Ulman, explic\u00f3: \u201cEstas herramientas que estamos brindando a la comunidad forman parte de las estrategias que impulsamos para el abordaje del consumo problem\u00e1tico en las juventudes, que entendemos requieren un compromiso comunitario para el cuidado de esta poblaci\u00f3n\u201d.<\/p>\n<p>\u201cLos materiales est\u00e1n dise\u00f1ados de manera clara, para interpelar y concientizar sobre esta situaci\u00f3n con el objeto de prevenir situaciones de excesos, fomentando el cuidado desde las y los adultos y entre pares\u201d, agreg\u00f3 la funcionaria. \u201cTodo esto resulta tambi\u00e9n del trabajo articulado que estamos desarrollando con la Secretar\u00eda de Pol\u00edticas Integrales sobre Drogas de la Naci\u00f3n Argentina desde la gesti\u00f3n, con capacitaciones y formaci\u00f3n para toda la provincia sobre la tem\u00e1tica\u201d, remarc\u00f3 al respecto.<\/p>\n<p>&nbsp;<\/p>\n<p><strong>Recomendaciones<\/strong><\/p>\n<p>De este modo, desde la subsecretar\u00eda se proponen materiales para abordar la jornada de manera comunitaria, desde las \u00e1reas municipales, escuelas, organizaciones sociales, entre otros espacios, convocando a la reflexi\u00f3n tanto de las juventudes como de los distintos actores de la sociedad.<\/p>\n<p>El material se puede imprimir desde el siguiente link: https:\/\/bit.ly\/3EvymVB y las recomendaciones leerse a trav\u00e9s de: https:\/\/bit.ly\/3kseOdU.<\/p>\n<p>&nbsp;<\/p>\n<p><strong>Sobre el concurso<\/strong><\/p>\n<p>El concurso est\u00e1 destinado a las y los j\u00f3venes de los cursos de la promoci\u00f3n 2023 de escuelas secundarias de educaci\u00f3n media y de las escuelas de ense\u00f1anza t\u00e9cnica, buscando concientizar acerca del consumo problem\u00e1tico de alcohol y otras sustancias.<\/p>\n<p>En la plataforma TikTok se podr\u00e1 concursar de la siguiente forma: el curso deber\u00e1 subir un video a Tik Tok concientizando sobre el consumo responsable a partir de las 12 del jueves 23 de febrero hasta las 12 del jueves 2 de marzo, mencionando a la Subsecretar\u00eda de la Juventud, el nombre y n\u00famero de la escuela a la que pertenece el curso o divisi\u00f3n y su localidad.<\/p>\n<p>A su vez, a trav\u00e9s de Instagram, la din\u00e1mica ser\u00e1 la siguiente: el curso participante deber\u00e1 publicar un video o fotos (hasta 10 en una sola publicaci\u00f3n) concientizando sobre el consumo responsable, que puede ser una foto o una secuencia de fotos o un video (reels), que deber\u00e1 ser subida a partir de las 12 del jueves 23 de febrero hasta las 12 del jueves 2 de marzo, etiquetando a la Subsecretar\u00eda e incluyendo los detalles de la escuela.<\/p>\n<p>La publicaci\u00f3n con m\u00e1s \u201cme gusta\u201d al finalizar el concurso ganar\u00e1 un almuerzo o cena para todo el curso detallado en el reglamento.<\/p>\n<p>Para m\u00e1s informaci\u00f3n se pueden consultar las bases y condiciones en: https:\/\/bit.ly\/3YSZK8l.<\/p>\n","protected":false},"excerpt":{"rendered":"<p>De cara a los festejos del \u00daltimo Primer D\u00eda (UPD), la Subsecretar\u00eda de la Juventud, dependiente del Ministerio de Desarrollo Social, brinda herramientas para promover el consumo responsable a trav\u00e9s de un concurso audiovisual y recomendaciones de abordaje para la comunidad &nbsp; &nbsp; Bajo la consigna \u201cNos Cuidamos Entre Todos\u201d y apuntando al compromiso comunitario, la iniciativa tiene como objetivo concientizar acerca del consumo problem\u00e1tico de alcohol y otras sustancias en lo que se denomina el UPD, donde las y los adolescentes que comienzan a transitar el \u00faltimo a\u00f1o de&#8230;<\/p>\n","protected":false},"author":3,"featured_media":98091,"comment_status":"closed","ping_status":"closed","sticky":false,"template":"","format":"standard","meta":[],"categories":[9,15],"tags":[],"_links":{"self":[{"href":"https:\/\/www.actualidadadiario.com\/index.php\/wp-json\/wp\/v2\/posts\/98090"}],"collection":[{"href":"https:\/\/www.actualidadadiario.com\/index.php\/wp-json\/wp\/v2\/posts"}],"about":[{"href":"https:\/\/www.actualidadadiario.com\/index.php\/wp-json\/wp\/v2\/types\/post"}],"author":[{"embeddable":true,"href":"https:\/\/www.actualidadadiario.com\/index.php\/wp-json\/wp\/v2\/users\/3"}],"replies":[{"embeddable":true,"href":"https:\/\/www.actualidadadiario.com\/index.php\/wp-json\/wp\/v2\/comments?post=98090"}],"version-history":[{"count":1,"href":"https:\/\/www.actualidadadiario.com\/index.php\/wp-json\/wp\/v2\/posts\/98090\/revisions"}],"predecessor-version":[{"id":98092,"href":"https:\/\/www.actualidadadiario.com\/index.php\/wp-json\/wp\/v2\/posts\/98090\/revisions\/98092"}],"wp:featuredmedia":[{"embeddable":true,"href":"https:\/\/www.actualidadadiario.com\/index.php\/wp-json\/wp\/v2\/media\/98091"}],"wp:attachment":[{"href":"https:\/\/www.actualidadadiario.com\/index.php\/wp-json\/wp\/v2\/media?parent=98090"}],"wp:term":[{"taxonomy":"category","embeddable":true,"href":"https:\/\/www.actualidadadiario.com\/index.php\/wp-json\/wp\/v2\/categories?post=98090"},{"taxonomy":"post_tag","embeddable":true,"href":"https:\/\/www.actualidadadiario.com\/index.php\/wp-json\/wp\/v2\/tags?post=98090"}],"curies":[{"name":"wp","href":"https:\/\/api.w.org\/{rel}","templated":true}]}}