{"id":98088,"date":"2023-02-23T14:58:26","date_gmt":"2023-02-23T17:58:26","guid":{"rendered":"https:\/\/www.actualidadadiario.com\/?p=98088"},"modified":"2023-02-23T14:58:26","modified_gmt":"2023-02-23T17:58:26","slug":"agmer-convoco-a-su-congreso-para-este-viernes","status":"publish","type":"post","link":"https:\/\/www.actualidadadiario.com\/index.php\/2023\/02\/23\/agmer-convoco-a-su-congreso-para-este-viernes\/","title":{"rendered":"Agmer convoc\u00f3 a su congreso para este viernes"},"content":{"rendered":"<p style=\"text-align: center;\"><em><strong>Este mi\u00e9rcoles Agmer y los dem\u00e1s gremios docentes recibieron una nueva propuesta salarial. En este marco, la entidad sindical convoc\u00f3 a su congreso para el viernes 24 y la debatir\u00e1 en asambleas<\/strong><\/em><\/p>\n<p>&nbsp;<\/p>\n<p>&nbsp;<\/p>\n<p>Este mi\u00e9rcoles se desarroll\u00f3 la tercera reuni\u00f3n del a\u00f1o de la paritaria salarial docente. El gobierno realiz\u00f3 un nuevo ofrecimiento consistente en un aumento escalonado entre marzo -incluyendo febrero con retroactividad- y un \u00faltimo tramo a percibir en junio. La propuesta ser\u00e1 puesta a consideraci\u00f3n de las asambleas escolares y el congreso de Agmer.<\/p>\n<p>&nbsp;<\/p>\n<p><strong>En esta oportunidad el gobierno ofreci\u00f3 una propuesta salarial consistente en:<\/strong><\/p>\n<ul>\n<li>5% en febrero a cobrar con retroactividad en marzo<\/li>\n<li>18% marzo<\/li>\n<li>8% en junio<\/li>\n<\/ul>\n<p>&nbsp;<\/p>\n<p>El gobierno manifest\u00f3 la voluntad de volver a convocar a la paritaria en el mes de julio con el fin de evaluar la pauta inflacionaria y en caso de que la misma supere el 31% durante el primer semestre se reabra este \u00e1mbito para \u201clograr el objetivo de no perder frente a la inflaci\u00f3n\u201d.<\/p>\n<p>La propuesta ser\u00e1 puesta a consideraci\u00f3n de las asambleas escolares y resolutivas en las Seccionales de AGMER. En este marco, la Comisi\u00f3n Directiva Central convoc\u00f3 a un nuevo congreso extraordinario a realizarse este viernes 24 de febrero.<\/p>\n<p>Con lo que resuelva el congreso, AGMER comunicar\u00e1 en el \u00e1mbito paritario respecto a esta nueva oferta salarial.<\/p>\n","protected":false},"excerpt":{"rendered":"<p>Este mi\u00e9rcoles Agmer y los dem\u00e1s gremios docentes recibieron una nueva propuesta salarial. En este marco, la entidad sindical convoc\u00f3 a su congreso para el viernes 24 y la debatir\u00e1 en asambleas &nbsp; &nbsp; Este mi\u00e9rcoles se desarroll\u00f3 la tercera reuni\u00f3n del a\u00f1o de la paritaria salarial docente. El gobierno realiz\u00f3 un nuevo ofrecimiento consistente en un aumento escalonado entre marzo -incluyendo febrero con retroactividad- y un \u00faltimo tramo a percibir en junio. La propuesta ser\u00e1 puesta a consideraci\u00f3n de las asambleas escolares y el congreso de Agmer. &nbsp; En&#8230;<\/p>\n","protected":false},"author":3,"featured_media":91487,"comment_status":"closed","ping_status":"closed","sticky":false,"template":"","format":"standard","meta":[],"categories":[15],"tags":[],"_links":{"self":[{"href":"https:\/\/www.actualidadadiario.com\/index.php\/wp-json\/wp\/v2\/posts\/98088"}],"collection":[{"href":"https:\/\/www.actualidadadiario.com\/index.php\/wp-json\/wp\/v2\/posts"}],"about":[{"href":"https:\/\/www.actualidadadiario.com\/index.php\/wp-json\/wp\/v2\/types\/post"}],"author":[{"embeddable":true,"href":"https:\/\/www.actualidadadiario.com\/index.php\/wp-json\/wp\/v2\/users\/3"}],"replies":[{"embeddable":true,"href":"https:\/\/www.actualidadadiario.com\/index.php\/wp-json\/wp\/v2\/comments?post=98088"}],"version-history":[{"count":1,"href":"https:\/\/www.actualidadadiario.com\/index.php\/wp-json\/wp\/v2\/posts\/98088\/revisions"}],"predecessor-version":[{"id":98089,"href":"https:\/\/www.actualidadadiario.com\/index.php\/wp-json\/wp\/v2\/posts\/98088\/revisions\/98089"}],"wp:featuredmedia":[{"embeddable":true,"href":"https:\/\/www.actualidadadiario.com\/index.php\/wp-json\/wp\/v2\/media\/91487"}],"wp:attachment":[{"href":"https:\/\/www.actualidadadiario.com\/index.php\/wp-json\/wp\/v2\/media?parent=98088"}],"wp:term":[{"taxonomy":"category","embeddable":true,"href":"https:\/\/www.actualidadadiario.com\/index.php\/wp-json\/wp\/v2\/categories?post=98088"},{"taxonomy":"post_tag","embeddable":true,"href":"https:\/\/www.actualidadadiario.com\/index.php\/wp-json\/wp\/v2\/tags?post=98088"}],"curies":[{"name":"wp","href":"https:\/\/api.w.org\/{rel}","templated":true}]}}