{"id":98086,"date":"2023-02-23T14:57:37","date_gmt":"2023-02-23T17:57:37","guid":{"rendered":"https:\/\/www.actualidadadiario.com\/?p=98086"},"modified":"2023-02-23T14:57:37","modified_gmt":"2023-02-23T17:57:37","slug":"detectan-focos-al-sur-de-las-islas-del-delta-y-evaluan-instalar-un-nuevo-comando-en-san-pedro","status":"publish","type":"post","link":"https:\/\/www.actualidadadiario.com\/index.php\/2023\/02\/23\/detectan-focos-al-sur-de-las-islas-del-delta-y-evaluan-instalar-un-nuevo-comando-en-san-pedro\/","title":{"rendered":"Detectan focos al sur de las islas del Delta y eval\u00faan instalar un nuevo comando en San Pedro"},"content":{"rendered":"<p style=\"text-align: center;\"><em><strong>Ante la detecci\u00f3n de focos de incendios en el sur de las islas del Delta, se realiza vuelo de patrullaje para monitorear la situaci\u00f3n y evaluar la instalaci\u00f3n de otro comando en San Pedro (Buenos Aires). Frente a Alvear siguen trabajando para contener tres focos activos<\/strong><\/em><\/p>\n<p>&nbsp;<\/p>\n<p>&nbsp;<\/p>\n<p>El informe emitido este mi\u00e9rcoles por el comando instalado en Alvear, indica que contin\u00faan los monitoreos por aire y el trabajo de brigadistas entrerrianos para contener los focos activos en islas del Delta. Las condiciones meteorol\u00f3gicas de este jueves impidieron la realizaci\u00f3n de vuelos de patrullaje, por el momento. Pero contin\u00faa el monitoreo satelital de la zona.<\/p>\n<p>A su vez, se detectaron focos en islas, al sur, por lo que se planificaron vuelos para ver la situaci\u00f3n y evaluar la instalaci\u00f3n de un comando en San Pedro o Baradero para atenderlos. EL vuelo se realizar\u00e1 si las condiciones clim\u00e1ticas lo permiten.<\/p>\n<p>El informe completo est\u00e1 disponible en https:\/\/bit.ly\/3GiMMKc.<\/p>\n<p>El gobierno provincial reitera el pedido a la poblaci\u00f3n para evitar el encendido de fogatas en lugares no habilitados o debajo de \u00e1rboles, arrojar colillas de cigarrillos o f\u00f3sforos encendidos y detener el auto en zonas secas durante mucho tiempo. Tambi\u00e9n es importante llevarse los residuos, ya que los vidrios y latas pueden originar incendios.<\/p>\n<p>Por dudas o consultas comunicarse con el coordinador del Plan de Manejo del Fuego de Entre R\u00edos, Mauro Rodr\u00edguez: 345 6265979<\/p>\n<p>En caso de visualizar una columna de humo o incendio comunicarse al 100 (Bomberos) o 101 (Polic\u00eda).<\/p>\n","protected":false},"excerpt":{"rendered":"<p>Ante la detecci\u00f3n de focos de incendios en el sur de las islas del Delta, se realiza vuelo de patrullaje para monitorear la situaci\u00f3n y evaluar la instalaci\u00f3n de otro comando en San Pedro (Buenos Aires). Frente a Alvear siguen trabajando para contener tres focos activos &nbsp; &nbsp; El informe emitido este mi\u00e9rcoles por el comando instalado en Alvear, indica que contin\u00faan los monitoreos por aire y el trabajo de brigadistas entrerrianos para contener los focos activos en islas del Delta. Las condiciones meteorol\u00f3gicas de este jueves impidieron la realizaci\u00f3n&#8230;<\/p>\n","protected":false},"author":3,"featured_media":92277,"comment_status":"closed","ping_status":"closed","sticky":false,"template":"","format":"standard","meta":[],"categories":[15],"tags":[],"_links":{"self":[{"href":"https:\/\/www.actualidadadiario.com\/index.php\/wp-json\/wp\/v2\/posts\/98086"}],"collection":[{"href":"https:\/\/www.actualidadadiario.com\/index.php\/wp-json\/wp\/v2\/posts"}],"about":[{"href":"https:\/\/www.actualidadadiario.com\/index.php\/wp-json\/wp\/v2\/types\/post"}],"author":[{"embeddable":true,"href":"https:\/\/www.actualidadadiario.com\/index.php\/wp-json\/wp\/v2\/users\/3"}],"replies":[{"embeddable":true,"href":"https:\/\/www.actualidadadiario.com\/index.php\/wp-json\/wp\/v2\/comments?post=98086"}],"version-history":[{"count":1,"href":"https:\/\/www.actualidadadiario.com\/index.php\/wp-json\/wp\/v2\/posts\/98086\/revisions"}],"predecessor-version":[{"id":98087,"href":"https:\/\/www.actualidadadiario.com\/index.php\/wp-json\/wp\/v2\/posts\/98086\/revisions\/98087"}],"wp:featuredmedia":[{"embeddable":true,"href":"https:\/\/www.actualidadadiario.com\/index.php\/wp-json\/wp\/v2\/media\/92277"}],"wp:attachment":[{"href":"https:\/\/www.actualidadadiario.com\/index.php\/wp-json\/wp\/v2\/media?parent=98086"}],"wp:term":[{"taxonomy":"category","embeddable":true,"href":"https:\/\/www.actualidadadiario.com\/index.php\/wp-json\/wp\/v2\/categories?post=98086"},{"taxonomy":"post_tag","embeddable":true,"href":"https:\/\/www.actualidadadiario.com\/index.php\/wp-json\/wp\/v2\/tags?post=98086"}],"curies":[{"name":"wp","href":"https:\/\/api.w.org\/{rel}","templated":true}]}}