{"id":98083,"date":"2023-02-23T14:56:50","date_gmt":"2023-02-23T17:56:50","guid":{"rendered":"https:\/\/www.actualidadadiario.com\/?p=98083"},"modified":"2023-02-23T14:56:50","modified_gmt":"2023-02-23T17:56:50","slug":"la-provincia-gestiona-nuevos-mercados-internacionales-para-las-frutas-entrerrianas","status":"publish","type":"post","link":"https:\/\/www.actualidadadiario.com\/index.php\/2023\/02\/23\/la-provincia-gestiona-nuevos-mercados-internacionales-para-las-frutas-entrerrianas\/","title":{"rendered":"La provincia gestiona nuevos mercados internacionales para las frutas entrerrianas"},"content":{"rendered":"<p style=\"text-align: center;\"><em><strong>Tras la importante participaci\u00f3n de empresas entrerrianas en la Feria Fruit Log\u00edstica 2023 desarrollada en Berl\u00edn, ar\u00e1ndanos y c\u00edtricos de Entre R\u00edos abren nuevos mercados para su comercializaci\u00f3n<\/strong><\/em><\/p>\n<p>&nbsp;<\/p>\n<p>&nbsp;<\/p>\n<p>Una vez m\u00e1s la provincia de Entre R\u00edos particip\u00f3 de la Fruit Log\u00edstica, la feria comercial e internacional de productos frescos, que se llev\u00f3 adelante en Berl\u00edn (Alemania) del 8 al 10 de febrero 2023, y que convoc\u00f3 a m\u00e1s de 63.470 visitantes de todo el mundo, compradores de m\u00e1s de 140 pa\u00edses y 2.610 expositores procedentes de 92 pa\u00edses.<\/p>\n<p>\u201cParticipar de este evento es muy importante para mantener y reforzar la posici\u00f3n argentina como referente para los importadores que buscan c\u00edtricos y ar\u00e1ndanos de calidad como lo son los productos entrerrianos\u201d, destac\u00f3 Bautista Berisso Buchanan de la empresa El Paruco S.A, de la ciudad de Concordia, quien se mostr\u00f3 muy conforme con el acompa\u00f1amiento provincial y sobre todo la posibilidad que se ha abierto, de no s\u00f3lo explorar otros mercados, sino tambi\u00e9n fortalecer los ya existentes.<\/p>\n<p>\u201cDe nuestra participaci\u00f3n en Fruit Loigistica hemos podido avanzar en el mercado ya comprometiendo la exportaci\u00f3n de c\u00edtricos a Rusia y parte de Europa, sumando Filipinas y avanzando con Canad\u00e1, que nos parece un nicho interesante para nuestros productos. Es por ello que tambi\u00e9n queremos avanzar en otros muy interesantes como lo son Brasil y Estados Unidos, por lo que seguimos trabajando y esperando las aperturas de los mismos con el fin de fomentar las exportaciones\u201d, finaliz\u00f3 el empresario.<\/p>\n<p>Por su parte, German Vedelago, de la empresa Extraberries SA, destac\u00f3 el hecho de estar presente en la feria internacional l\u00edder a nivel mundial y que se ha convertido en un referente dentro del sector para desarrollar todo el potencial de negocio en el mercado internacional de productos frescos donde nuestra empresa se destaca por su relevancia en el sector de la producci\u00f3n de fruta de calidad premium. Esto nos ha permitido avanzar en los contactos del mercado europeo logrando adem\u00e1s nuevos posibles compradores de nuestro producto&#8221;.<\/p>\n<p>Lourdes Raimundo, de la empresa Trevisur, asegur\u00f3 que \u201cpertenecer a un stand con un grupo de Argentina es la presencia de que nosotros estamos listos para exportar, y es estar presente en los mercados en su momento. Respecto a las expectativas para esta edici\u00f3n destacamos que fueron importantes, por un lado, porque nos permiti\u00f3 encontrarnos con una cantidad de clientes que ser\u00eda inviable hacerlo en poco tiempo, y por otro, porque vimos el mercado en tres d\u00edas, algo que suma importancia a la hora de concretar negocios&#8221;.<\/p>\n<p>Cabe mencionar que Trevisur es una empresa familiar Argentina, con or\u00edgenes en el a\u00f1o 1885, dedicada desde entonces a la producci\u00f3n, empaque y comercializaci\u00f3n de frutas frescas. Dentro de los pa\u00edses que exporta podemos citar : Brasil, Chile, Colombia , Per\u00fa , Ecuador , Honduras, Costa Rica, M\u00e9xico, Estados Unidos, Canad\u00e1, Inglaterra, Espa\u00f1a, Holanda, Alemania, Francia, Italia, Polonia, Ukraine, Rusia, Arabia, Libia ,India, Singapore, Bangladesh<\/p>\n<p>&nbsp;<\/p>\n<p><strong>Trabajo mancomunado junto al sector privado<\/strong><\/p>\n<p>El director General de Comercio Interior y Exterior , Jes\u00fas P\u00e9rez Mendoza, expres\u00f3 que \u201cFruit Log\u00edstica es el evento de promoci\u00f3n comercial m\u00e1s importante en el mundo para la comercializaci\u00f3n de la fruta fresca y es donde se encuentran las empresas productoras de las mismas, como as\u00ed tambi\u00e9n las prestadoras de servicios de log\u00edstica entre otros. La provincia se destaca en el pa\u00eds por su ranking de producci\u00f3n, procesamiento y comercializaci\u00f3n de fruta c\u00edtrica dulce y de ar\u00e1ndanos. Por este motivo es que de manera ininterrumpida a lo largo de los a\u00f1os el gobierno provincial propicia y apoya la participaci\u00f3n de empresas del sector en esta Feria\u201d.<\/p>\n<p>\u201cSiempre hay que estar presentes, no s\u00f3lo por la comercializaci\u00f3n, sino tambi\u00e9n porque all\u00ed es donde se realizan las principales actividades que marcar\u00e1n un a\u00f1o de trabajo para cada uno de los sectores, por las relaciones que se forman, y por las ofertas que se presentan\u201d remarc\u00f3 el funcionario.<\/p>\n<p>\u201cLos participantes pueden tomar contacto con expositores de las tem\u00e1ticas m\u00e1s variadas vinculadas a los distintos eslabones de esta econom\u00eda y dando a conocer todas las novedades para cada variedad. Aqu\u00ed es donde se toma contacto con todo este espectro para luego, con la vuelta a casa, desarrollar la tarea y as\u00ed propiciar la concreci\u00f3n de negocios. Esta participaci\u00f3n lleva un trabajo de articulaci\u00f3n entre el gobierno de la provincia, a trav\u00e9s de la Direcci\u00f3n General de Comercio Exterior de la Secretar\u00eda de Industria y Comercio, los productores, el Consejo Federal de Inversiones y la Canciller\u00eda a trav\u00e9s de la Agencia Argentina de Inversiones y Comercio Internacional\u201d, finaliz\u00f3 P\u00e9rez Mendoza.<\/p>\n","protected":false},"excerpt":{"rendered":"<p>Tras la importante participaci\u00f3n de empresas entrerrianas en la Feria Fruit Log\u00edstica 2023 desarrollada en Berl\u00edn, ar\u00e1ndanos y c\u00edtricos de Entre R\u00edos abren nuevos mercados para su comercializaci\u00f3n &nbsp; &nbsp; Una vez m\u00e1s la provincia de Entre R\u00edos particip\u00f3 de la Fruit Log\u00edstica, la feria comercial e internacional de productos frescos, que se llev\u00f3 adelante en Berl\u00edn (Alemania) del 8 al 10 de febrero 2023, y que convoc\u00f3 a m\u00e1s de 63.470 visitantes de todo el mundo, compradores de m\u00e1s de 140 pa\u00edses y 2.610 expositores procedentes de 92 pa\u00edses&#8230;.<\/p>\n","protected":false},"author":3,"featured_media":98084,"comment_status":"closed","ping_status":"closed","sticky":false,"template":"","format":"standard","meta":[],"categories":[9,15],"tags":[],"_links":{"self":[{"href":"https:\/\/www.actualidadadiario.com\/index.php\/wp-json\/wp\/v2\/posts\/98083"}],"collection":[{"href":"https:\/\/www.actualidadadiario.com\/index.php\/wp-json\/wp\/v2\/posts"}],"about":[{"href":"https:\/\/www.actualidadadiario.com\/index.php\/wp-json\/wp\/v2\/types\/post"}],"author":[{"embeddable":true,"href":"https:\/\/www.actualidadadiario.com\/index.php\/wp-json\/wp\/v2\/users\/3"}],"replies":[{"embeddable":true,"href":"https:\/\/www.actualidadadiario.com\/index.php\/wp-json\/wp\/v2\/comments?post=98083"}],"version-history":[{"count":1,"href":"https:\/\/www.actualidadadiario.com\/index.php\/wp-json\/wp\/v2\/posts\/98083\/revisions"}],"predecessor-version":[{"id":98085,"href":"https:\/\/www.actualidadadiario.com\/index.php\/wp-json\/wp\/v2\/posts\/98083\/revisions\/98085"}],"wp:featuredmedia":[{"embeddable":true,"href":"https:\/\/www.actualidadadiario.com\/index.php\/wp-json\/wp\/v2\/media\/98084"}],"wp:attachment":[{"href":"https:\/\/www.actualidadadiario.com\/index.php\/wp-json\/wp\/v2\/media?parent=98083"}],"wp:term":[{"taxonomy":"category","embeddable":true,"href":"https:\/\/www.actualidadadiario.com\/index.php\/wp-json\/wp\/v2\/categories?post=98083"},{"taxonomy":"post_tag","embeddable":true,"href":"https:\/\/www.actualidadadiario.com\/index.php\/wp-json\/wp\/v2\/tags?post=98083"}],"curies":[{"name":"wp","href":"https:\/\/api.w.org\/{rel}","templated":true}]}}