{"id":98077,"date":"2023-02-23T14:55:25","date_gmt":"2023-02-23T17:55:25","guid":{"rendered":"https:\/\/www.actualidadadiario.com\/?p=98077"},"modified":"2023-02-23T14:55:25","modified_gmt":"2023-02-23T17:55:25","slug":"la-provincia-y-la-mesa-de-enlace-avanzan-en-la-implementacion-de-la-emergencia-agropecuaria","status":"publish","type":"post","link":"https:\/\/www.actualidadadiario.com\/index.php\/2023\/02\/23\/la-provincia-y-la-mesa-de-enlace-avanzan-en-la-implementacion-de-la-emergencia-agropecuaria\/","title":{"rendered":"La Provincia y la Mesa de Enlace avanzan en la implementaci\u00f3n de la emergencia agropecuaria"},"content":{"rendered":"<p style=\"text-align: center;\"><em><strong>El ministro de Econom\u00eda y Producci\u00f3n, Hugo Ballay, acompa\u00f1ado por el secretario de Agricultura y Ganader\u00eda, Lucio Amavet, recibi\u00f3 este mi\u00e9rcoles a representantes de la Mesa de Enlace para tratar las medidas que el gobernador Gustavo Bordet anunci\u00f3 ante la emergencia agropecuaria<\/strong><\/em><\/p>\n<p>&nbsp;<\/p>\n<p>&nbsp;<\/p>\n<p>El encuentro se desarroll\u00f3 en el Sal\u00f3n de los Gobernadores de la Casa de Gobierno, donde las autoridades provinciales recibieron a los representantes de las entidades que conforman la Mesa de Enlace en Entre R\u00edos.<\/p>\n<p>Participaron: por el Fondo de Garant\u00edas de Entre R\u00edos (Fogaer), Lisandro Luna de Luca; por la Federaci\u00f3n Agraria Argentina (FAA), Elvio Gu\u00eda; por la Federaci\u00f3n de Asociaciones Rurales de Entre R\u00edos (Farer), Jos\u00e9 Colombato, Jacinto de Vali, Claudio \u00c1lvarez Daneri y Nicasio Tito; por la Sociedad Rural Argentina (SRA), Juan Diego Etchevehere, y por la Federaci\u00f3n Entrerriana de Cooperativas (Fedeco), Miguel Laurencena, Gonzalo \u00c1lvarez Maldonado y Edgardo Barzola.<\/p>\n<p>Tras el c\u00f3nclave, el ministro Ballay declar\u00f3: \u201cAs\u00ed como nos comprometimos oportunamente, las reuniones deben ser permanentes, porque el estado de situaci\u00f3n lo amerita. El estado de emergencia es importante por la sequ\u00eda y hoy, b\u00e1sicamente, compartimos con las instituciones que representan o forman la Mesa de Enlace, primero, las medidas que nuestro gobernador Gustavo Bordet anunci\u00f3 en su mensaje a la Legislatura\u201d.<\/p>\n<p>\u201cEsto es, la eximici\u00f3n del impuesto inmobiliario rural 2022 a quienes est\u00e1n en emergencia y tambi\u00e9n la especificaci\u00f3n de que cualquier productor que est\u00e9 dos a\u00f1os consecutivos en emergencia sea considerado en estado de desastre. Esto es un proyecto de ley que estaremos elevando la semana pr\u00f3xima a la Legislatura\u201d, anunci\u00f3, tras brindar precisiones.<\/p>\n<p>El funcionario provincial manifest\u00f3 que tambi\u00e9n se repasaron otros temas, como la asistencia financiera a trav\u00e9s del Banco Naci\u00f3n, \u201cdonde la Provincia de Entre R\u00edos ya comprometi\u00f3 oportunamente ante el ministro de Econom\u00eda de la Naci\u00f3n, Sergio Massa, la participaci\u00f3n en la reducci\u00f3n de la tasa con subsidios que aporta el gobierno de la provincia y aquellos tr\u00e1mites ante Afip, donde se postergan algunos anticipos de impuestos, y tambi\u00e9n la neutralizaci\u00f3n de todos los reclamos judiciales por deudas impositivas\u201d.<\/p>\n<p>Por \u00faltimo, se mostr\u00f3 optimista respecto a que el trabajo articulado con Naci\u00f3n facilite las gestiones que preocupan al sector agropecuario entrerriano. \u201cS\u00ed, por supuesto. En primer lugar, el gobernador Bordet dialoga con todos los sectores. Tener hoy la presencia del secretario de Agricultura y Ganader\u00eda de la Naci\u00f3n, Juan Jos\u00e9 Bahillo, la relaci\u00f3n con la presidenta del Banco Naci\u00f3n, Silvina Batakis, que fue secretaria de Provincias (del Ministerio del Interior), con quien tenemos excelente di\u00e1logo, como con todo el equipo del ministro (de Econom\u00eda) Sergio Massa, faculta o mejora la relaci\u00f3n de ida y vuelta para tratar de agilizar lo m\u00e1ximo posible los tr\u00e1mites\u201d, ampli\u00f3.<\/p>\n<p>&nbsp;<\/p>\n<p><strong>Medidas ante una situaci\u00f3n in\u00e9dita<\/strong><\/p>\n<p>En tanto, el director de la Sociedad Rural Argentina (SRA) por Entre R\u00edos, Juan Diego Etchevehere, explic\u00f3 que mantuvieron un segundo encuentro con el ministro Ballay, \u201cnos hab\u00edamos reunido en el mes de diciembre, donde se decret\u00f3 la emergencia. Le planteamos la necesidad a ra\u00edz de que se ha venido pronunciando la sequ\u00eda y ya lleva a niveles in\u00e9ditos en la historia Argentina, nunca se vivi\u00f3 el campo, ni los productores, ni nuestra provincia una sequ\u00eda tan extensa y tan profunda y la m\u00e1s importante en la historia de nuestra provincia\u201d.<\/p>\n<p>En este marco dijo que \u201cvinimos a plantear que agreguen los nuevos cultivos en la emergencia agropecuaria, lo que es la soja, el sorgo y tambi\u00e9n el arroz\u201d. Y asegur\u00f3 que \u201cnos vamos con el compromiso de que lo va a agregar el gobierno de la provincia\u201d.<\/p>\n<p>Adem\u00e1s, precis\u00f3 que solicitaron \u201cque nos ayude a gestionar con el gobierno nacional los anuncios que hizo el ministro de Econom\u00eda de la Naci\u00f3n, Sergio Massa, que iba a llegar con l\u00edneas de financiaci\u00f3n y tambi\u00e9n con pruebas impositiva y le pedimos al gobierno de la provincia que interceda con el gobierno nacional, con el ministro Massa y el secretario de Agricultura, Juan Jos\u00e9 Bahillo, para que esas medidas que entendemos que no alcanzan, al menos que se logren implementar\u201d.<\/p>\n<p>Etchevehere, se\u00f1al\u00f3 que en el encuentro, \u201cel ministro exterioriz\u00f3 este proyecto del gobierno de eximir de impuestos aquellos productores que est\u00e1n en emergencia agropecuaria a\u00f1o 2022, les expresamos que entendemos que es una buena medida que tendr\u00eda que pronunciarse, incluso trabajar sobre el no aumento del impuesto inmobiliario para luego de la emergencia o sea para las cuotas 3 y 4 del impuesto inmobiliario rural. Y que tambi\u00e9n el gobernador tenga bien no solamente eximir del a\u00f1o 2022 del impuesto mobiliario de los productores en emergencia agropecuaria, sino que tambi\u00e9n no haya nuevos aumentos impositivos\u201d.<\/p>\n<p>Apunt\u00f3 que entienden que \u201cson las medidas que necesitamos\u201d, y afirm\u00f3 que \u201ces una situaci\u00f3n in\u00e9dita y tambi\u00e9n se necesitan pol\u00edticas p\u00fablicas in\u00e9ditas para afrontar esta situaci\u00f3n\u201d.<\/p>\n<p>Indic\u00f3 que \u201centendemos que la propuesta presentada por la Sociedad Rural Argentina, Distrito Entre R\u00edos, al gobierno fueron tenidas en cuenta, entendemos que es el camino a seguir, es la eximici\u00f3n y el alivio fiscal para los productores agropecuarios, porque volvemos a insistir estamos en una situaci\u00f3n in\u00e9dita y necesitamos tambi\u00e9n pol\u00edticas in\u00e9ditas\u201d.<\/p>\n<p>Por eso, explic\u00f3 que \u201ctambi\u00e9n le pedimos al gobernador que tenga bien no aumentar el impuesto inmobiliario porque realmente la situaci\u00f3n que se encuentran todas las actividades agropecuarias de nuestra provincia es realmente dram\u00e1tica\u201d.<\/p>\n<p>Resalt\u00f3 que con el gobierno provincial \u201centendemos que hay un canal de comunicaci\u00f3n que ha mantenido y viene manteniendo, y vienen trabajando bien junto a la producci\u00f3n el ministro de Econom\u00eda y tambi\u00e9n el secretario de la Producci\u00f3n. Y entendemos que est\u00e1n escuchando las propuestas las entidades, les pedimos por favor ahora s\u00ed, no demorar las iniciativas p\u00fablicas, no demorarlas que lleguen esas medidas en forma in\u00e9dita los productores\u201d.<\/p>\n<p>&nbsp;<\/p>\n<p><strong>Di\u00e1logo y ayuda real<\/strong><\/p>\n<p>Por su parte, Jos\u00e9 Colombato, integrante de la Federaci\u00f3n de Asociaciones Rurales de Entre R\u00edos (Farer), dijo que vio un resultado \u201cpositivo\u201d del encuentro. \u201cDesde el punto de vista que el gobierno entiende la situaci\u00f3n del productor, sabe que la ayuda no es mucha, pero vemos que hay una buena predisposici\u00f3n y buena voluntad de que le puedan llegar al productor las distintas herramientas que hay en una emergencia\u201d, valor\u00f3.<\/p>\n<p>En ese marco, si bien mencion\u00f3 que hay muchas cosas en las \u201cque el gobierno Nacional b\u00e1sicamente ha manifestado y que todav\u00eda no se est\u00e1n viendo. Donde el ministro se comprometi\u00f3 a interceder para que esas herramientas bajen y lleguen al productor\u201d, destac\u00f3 que en lo que le compete a la provincia, \u201cya se est\u00e1 desarrollando el tema de cr\u00e9dito a los tambos por intermedio de las cooperativas o mejor dicho, de la industrias l\u00e1cteas que est\u00e1n intercediendo frente al gobierno para que el productor pueda hacerse de un cr\u00e9dito, o en este caso de un aporte no reintegrable\u201d.<\/p>\n<p>Se\u00f1al\u00f3 que \u201ccomo tambi\u00e9n vemos eso, vemos la otra parte, el tema que anunci\u00f3 el gobernador del inmobiliario (rural). Donde ahora va a entrar en la legislatura un proyecto donde se va a eximir del pago a productores que est\u00e9n en la emergencia y que, en el 2022 mediante una pr\u00f3rroga, que han pedido se le exima de pagar dos cuotas del impuesto inmobiliario\u201d. \u201cLo vemos positivo, porque es una ayuda real, importante, constante y sonante que va a recibir el productor, donde la provincia deroga un dinero que no es alt\u00edsimo, al productor le facilita un poquito la situaci\u00f3n patrimonial\u201d, reconoci\u00f3.<\/p>\n<p>En referencia a la importancia del encuentro entre los sectores, se\u00f1al\u00f3 que son \u201cuna entidad que apostamos al dialogo\u201d y opin\u00f3: \u201cCreo que la salida de este pa\u00eds es dialogando\u201d.<\/p>\n<p>Por \u00faltimo, catalog\u00f3 la reuni\u00f3n como \u201cpositiva\u201d, porque \u201cse abordaron los temas y el gobierno tom\u00f3 nota de lo que nosotros pedimos y algunas cosas se vienen trabajando y cumpliendo, como otras cosas est\u00e1n a la espera, en el caso del Banco Naci\u00f3n de que se homologue\u201d.<\/p>\n<p>\u201cVeo una predisposici\u00f3n del ministro de querer mejorar la situaci\u00f3n al productor y eso es lo que nosotros vimos como bueno\u201d, reconoci\u00f3 y agreg\u00f3: \u201cPero, sin duda, todas estas cosas que se hablan, como decimos siempre: en la teor\u00eda est\u00e1 muy bueno, pero lo queremos ver en la pr\u00e1ctica\u201d, finaliz\u00f3 Colombato.<\/p>\n","protected":false},"excerpt":{"rendered":"<p>El ministro de Econom\u00eda y Producci\u00f3n, Hugo Ballay, acompa\u00f1ado por el secretario de Agricultura y Ganader\u00eda, Lucio Amavet, recibi\u00f3 este mi\u00e9rcoles a representantes de la Mesa de Enlace para tratar las medidas que el gobernador Gustavo Bordet anunci\u00f3 ante la emergencia agropecuaria &nbsp; &nbsp; El encuentro se desarroll\u00f3 en el Sal\u00f3n de los Gobernadores de la Casa de Gobierno, donde las autoridades provinciales recibieron a los representantes de las entidades que conforman la Mesa de Enlace en Entre R\u00edos. Participaron: por el Fondo de Garant\u00edas de Entre R\u00edos (Fogaer), Lisandro&#8230;<\/p>\n","protected":false},"author":3,"featured_media":98078,"comment_status":"closed","ping_status":"closed","sticky":false,"template":"","format":"standard","meta":[],"categories":[15],"tags":[],"_links":{"self":[{"href":"https:\/\/www.actualidadadiario.com\/index.php\/wp-json\/wp\/v2\/posts\/98077"}],"collection":[{"href":"https:\/\/www.actualidadadiario.com\/index.php\/wp-json\/wp\/v2\/posts"}],"about":[{"href":"https:\/\/www.actualidadadiario.com\/index.php\/wp-json\/wp\/v2\/types\/post"}],"author":[{"embeddable":true,"href":"https:\/\/www.actualidadadiario.com\/index.php\/wp-json\/wp\/v2\/users\/3"}],"replies":[{"embeddable":true,"href":"https:\/\/www.actualidadadiario.com\/index.php\/wp-json\/wp\/v2\/comments?post=98077"}],"version-history":[{"count":1,"href":"https:\/\/www.actualidadadiario.com\/index.php\/wp-json\/wp\/v2\/posts\/98077\/revisions"}],"predecessor-version":[{"id":98079,"href":"https:\/\/www.actualidadadiario.com\/index.php\/wp-json\/wp\/v2\/posts\/98077\/revisions\/98079"}],"wp:featuredmedia":[{"embeddable":true,"href":"https:\/\/www.actualidadadiario.com\/index.php\/wp-json\/wp\/v2\/media\/98078"}],"wp:attachment":[{"href":"https:\/\/www.actualidadadiario.com\/index.php\/wp-json\/wp\/v2\/media?parent=98077"}],"wp:term":[{"taxonomy":"category","embeddable":true,"href":"https:\/\/www.actualidadadiario.com\/index.php\/wp-json\/wp\/v2\/categories?post=98077"},{"taxonomy":"post_tag","embeddable":true,"href":"https:\/\/www.actualidadadiario.com\/index.php\/wp-json\/wp\/v2\/tags?post=98077"}],"curies":[{"name":"wp","href":"https:\/\/api.w.org\/{rel}","templated":true}]}}