{"id":98075,"date":"2023-02-23T14:54:40","date_gmt":"2023-02-23T17:54:40","guid":{"rendered":"https:\/\/www.actualidadadiario.com\/?p=98075"},"modified":"2023-02-23T14:54:40","modified_gmt":"2023-02-23T17:54:40","slug":"consejo-de-la-magistratura-el-martes-juraran-tres-nuevos-integrantes","status":"publish","type":"post","link":"https:\/\/www.actualidadadiario.com\/index.php\/2023\/02\/23\/consejo-de-la-magistratura-el-martes-juraran-tres-nuevos-integrantes\/","title":{"rendered":"Consejo de la Magistratura: el martes jurar\u00e1n tres nuevos integrantes"},"content":{"rendered":"<p style=\"text-align: center;\"><em><strong>Los tres senadores a los que la Corte Suprema acept\u00f3 tomarles juramento como nuevos integrantes del Consejo de la Magistratura asumir\u00e1n sus cargos el pr\u00f3ximo martes a las 10, indicaron fuentes del alto tribunal<\/strong><\/em><\/p>\n<p>&nbsp;<\/p>\n<p>&nbsp;<\/p>\n<p>Se trata de los oficialistas Mar\u00eda In\u00e9s Pilatti Vergara y Mariano Recalde, y del representante de la Uni\u00f3n C\u00edvica Radical (en Juntos por el Cambio) Eduardo Alejandro Vischi. La ceremonia tendr\u00e1 lugar en el Sal\u00f3n Bermejo de la Corte Suprema, en el cuarto piso de la sede judicial de Talcahuano 550.<\/p>\n<p>La semana pasada, la Corte rechaz\u00f3 tomarle juramente al senador oficialista Mart\u00edn Do\u00f1ate, envuelto en una disputa con el opositor Luis Juez por esa banca.<\/p>\n<p>La determinaci\u00f3n del m\u00e1ximo tribunal parece despejar el camino para que esa representaci\u00f3n recaiga finalmente en Juez, pero ello a\u00fan no ha ocurrido, por lo que el Consejo tendr\u00e1 de momento 19 integrantes y una banca en suspenso.<\/p>\n<p>En 2022, la Corte resolvi\u00f3 que Juez deb\u00eda ocupar una banca en el Consejo por cuanto el bloque de senadores del Frente de Todos hab\u00eda realizado una maniobra de divisi\u00f3n aparente para quedarse con una banca que no le correspond\u00eda.<\/p>\n<p>Pero esa decisi\u00f3n se refer\u00eda a un mandato que venci\u00f3 en noviembre de 2022, en tanto que la nueva designaci\u00f3n de Do\u00f1ate lo era para el per\u00edodo 2022-2026.<\/p>\n<p>El m\u00e1ximo tribunal sostuvo que tomarle juramento a Do\u00f1ate significar\u00eda &#8220;convalidar los efectos de una maniobra que fue declarada inoponible en una sentencia dictada en el \u00e1mbito de su competencia jurisdiccional&#8221;. El Consejo lleva meses de inactividad mientras se multiplican las vacantes en juzgados de todo el pa\u00eds.<\/p>\n","protected":false},"excerpt":{"rendered":"<p>Los tres senadores a los que la Corte Suprema acept\u00f3 tomarles juramento como nuevos integrantes del Consejo de la Magistratura asumir\u00e1n sus cargos el pr\u00f3ximo martes a las 10, indicaron fuentes del alto tribunal &nbsp; &nbsp; Se trata de los oficialistas Mar\u00eda In\u00e9s Pilatti Vergara y Mariano Recalde, y del representante de la Uni\u00f3n C\u00edvica Radical (en Juntos por el Cambio) Eduardo Alejandro Vischi. La ceremonia tendr\u00e1 lugar en el Sal\u00f3n Bermejo de la Corte Suprema, en el cuarto piso de la sede judicial de Talcahuano 550. La semana pasada,&#8230;<\/p>\n","protected":false},"author":3,"featured_media":84304,"comment_status":"closed","ping_status":"closed","sticky":false,"template":"","format":"standard","meta":[],"categories":[18],"tags":[],"_links":{"self":[{"href":"https:\/\/www.actualidadadiario.com\/index.php\/wp-json\/wp\/v2\/posts\/98075"}],"collection":[{"href":"https:\/\/www.actualidadadiario.com\/index.php\/wp-json\/wp\/v2\/posts"}],"about":[{"href":"https:\/\/www.actualidadadiario.com\/index.php\/wp-json\/wp\/v2\/types\/post"}],"author":[{"embeddable":true,"href":"https:\/\/www.actualidadadiario.com\/index.php\/wp-json\/wp\/v2\/users\/3"}],"replies":[{"embeddable":true,"href":"https:\/\/www.actualidadadiario.com\/index.php\/wp-json\/wp\/v2\/comments?post=98075"}],"version-history":[{"count":1,"href":"https:\/\/www.actualidadadiario.com\/index.php\/wp-json\/wp\/v2\/posts\/98075\/revisions"}],"predecessor-version":[{"id":98076,"href":"https:\/\/www.actualidadadiario.com\/index.php\/wp-json\/wp\/v2\/posts\/98075\/revisions\/98076"}],"wp:featuredmedia":[{"embeddable":true,"href":"https:\/\/www.actualidadadiario.com\/index.php\/wp-json\/wp\/v2\/media\/84304"}],"wp:attachment":[{"href":"https:\/\/www.actualidadadiario.com\/index.php\/wp-json\/wp\/v2\/media?parent=98075"}],"wp:term":[{"taxonomy":"category","embeddable":true,"href":"https:\/\/www.actualidadadiario.com\/index.php\/wp-json\/wp\/v2\/categories?post=98075"},{"taxonomy":"post_tag","embeddable":true,"href":"https:\/\/www.actualidadadiario.com\/index.php\/wp-json\/wp\/v2\/tags?post=98075"}],"curies":[{"name":"wp","href":"https:\/\/api.w.org\/{rel}","templated":true}]}}