{"id":98072,"date":"2023-02-23T14:53:40","date_gmt":"2023-02-23T17:53:40","guid":{"rendered":"https:\/\/www.actualidadadiario.com\/?p=98072"},"modified":"2023-02-23T14:53:40","modified_gmt":"2023-02-23T17:53:40","slug":"larreta-difundio-un-video-con-su-precandidatura-y-busco-diferenciarse-de-bullrich","status":"publish","type":"post","link":"https:\/\/www.actualidadadiario.com\/index.php\/2023\/02\/23\/larreta-difundio-un-video-con-su-precandidatura-y-busco-diferenciarse-de-bullrich\/","title":{"rendered":"Larreta difundi\u00f3 un video con su precandidatura y busc\u00f3 diferenciarse de Bullrich"},"content":{"rendered":"<p style=\"text-align: center;\"><em><strong>A trav\u00e9s de sus redes sociales, el jefe de Gobierno porte\u00f1o hizo un llamado para terminar con &#8220;la grieta&#8221; y &#8220;el odio&#8221;. &#8220;No queremos m\u00e1s seguir siendo lo que somos&#8230; siempre pele\u00e1ndonos entre nosotros&#8221;, dijo<\/strong><\/em><\/p>\n<p>&nbsp;<\/p>\n<p>&nbsp;<\/p>\n<p>El jefe de Gobierno porte\u00f1o, Horacio Rodr\u00edguez Larreta, continu\u00f3 este jueves con la presentaci\u00f3n p\u00fablica de su precandidatura a presidente dentro del espacio de Juntos por el Cambio, esta vez a trav\u00e9s de un video difundido a trav\u00e9s redes sociales en el que afirma que \u201clos \u00fanicos que se benefician con la grieta son los que la abrieron\u201d.<\/p>\n<p>\u201cNo se trata de ser presidente, yo quiero ser buen presidente. Y juntos terminar con el odio e iniciar el camino de la transformaci\u00f3n que la Argentina necesita\u201d, remarc\u00f3 Larreta en el mensaje grabado en Santa Cruz, donde comienza la Ruta 40.<\/p>\n<p>De esta manera, en medio de las internas en el seno de la principal coalici\u00f3n opositora, el jefe de Gobierno porte\u00f1o oficializ\u00f3 su aspiraci\u00f3n de competir por la Presidencia en las pr\u00f3ximas generales con un discurso en el que busc\u00f3 diferenciarse de sus posibles contrincantes en las PASO, entre ellos la presidenta del PRO, Patricia Bullrich, quien ayer dijo que \u201cla Argentina no sale con tibios\u201d.<\/p>\n<p>\u201cNo queremos m\u00e1s seguir siendo lo que somos: no queremos m\u00e1s seguir viviendo con el agua al cuello. Siempre pele\u00e1ndonos, pele\u00e1ndonos entre nosotros\u201d, dijo y se\u00f1al\u00f3 que \u201clos \u00fanicos que se benefician con la grieta son los que la abrieron, los que se aprovechan de ella. Los que la usen, son unos estafadores\u201d.<\/p>\n<p>\u201cO terminamos con la grieta o la grieta termina con la Argentina. Los argentinos queremos ya iniciar el camino hacia vivir mejor\u201d, agreg\u00f3.<\/p>\n<p>En el video grabado con el faro de Cabo V\u00edrgenes de fondo, indic\u00f3 que su \u201cfuerte es laburar, laburar y laburar. Y armar equipos de trabajo para hacer que las cosas pasen pero que se mantengan en el tiempo\u201d, tras lo cual remarc\u00f3 que \u201csi los cambios no son duraderos al final no sirven para nada\u201d.<\/p>\n<p>\u201cUn faro es la se\u00f1al para saber ad\u00f3nde vamos. O ad\u00f3nde queremos ir. Yo estoy ac\u00e1 en el kil\u00f3metro cero de la Ruta 40. Que es la ruta que une toda la Argentina\u201d, explic\u00f3 y sostuvo que su vocaci\u00f3n es \u201cun pa\u00eds donde nos respetemos los unos con los otros\u201d.<\/p>\n<p>Por \u00faltimo, Larreta remarc\u00f3 que \u201cla presidencia tiene que ser el principio del camino de la gran transformaci\u00f3n. Que no la van a hacer un grupo de iluminados o un l\u00edder carism\u00e1tico. Llevamos a\u00f1os y a\u00f1os de carisma y miren c\u00f3mo estamos\u201d.<\/p>\n<p>El alcalde porte\u00f1o public\u00f3 anoche, tambi\u00e9n en redes sociales, la frase \u201cEs hora de animarnos a transformar el pa\u00eds para siempre\u201d como anticipo de la serie de actividades previstas para el lanzamiento p\u00fablico de su precandidatura.<\/p>\n<p>En ese sentido, a las 17.45 de hoy tiene previsto encabezar una recorrida por el partido bonaerense de Tres de Febrero, junto al intendente Diego Valenzuela, y despu\u00e9s brindar\u00e1 una conferencia de prensa en Presidente Per\u00f3n 7900, en la localidad de Mart\u00edn Coronado.<\/p>\n","protected":false},"excerpt":{"rendered":"<p>A trav\u00e9s de sus redes sociales, el jefe de Gobierno porte\u00f1o hizo un llamado para terminar con &#8220;la grieta&#8221; y &#8220;el odio&#8221;. &#8220;No queremos m\u00e1s seguir siendo lo que somos&#8230; siempre pele\u00e1ndonos entre nosotros&#8221;, dijo &nbsp; &nbsp; El jefe de Gobierno porte\u00f1o, Horacio Rodr\u00edguez Larreta, continu\u00f3 este jueves con la presentaci\u00f3n p\u00fablica de su precandidatura a presidente dentro del espacio de Juntos por el Cambio, esta vez a trav\u00e9s de un video difundido a trav\u00e9s redes sociales en el que afirma que \u201clos \u00fanicos que se benefician con la grieta&#8230;<\/p>\n","protected":false},"author":3,"featured_media":98073,"comment_status":"closed","ping_status":"closed","sticky":false,"template":"","format":"standard","meta":[],"categories":[18],"tags":[],"_links":{"self":[{"href":"https:\/\/www.actualidadadiario.com\/index.php\/wp-json\/wp\/v2\/posts\/98072"}],"collection":[{"href":"https:\/\/www.actualidadadiario.com\/index.php\/wp-json\/wp\/v2\/posts"}],"about":[{"href":"https:\/\/www.actualidadadiario.com\/index.php\/wp-json\/wp\/v2\/types\/post"}],"author":[{"embeddable":true,"href":"https:\/\/www.actualidadadiario.com\/index.php\/wp-json\/wp\/v2\/users\/3"}],"replies":[{"embeddable":true,"href":"https:\/\/www.actualidadadiario.com\/index.php\/wp-json\/wp\/v2\/comments?post=98072"}],"version-history":[{"count":1,"href":"https:\/\/www.actualidadadiario.com\/index.php\/wp-json\/wp\/v2\/posts\/98072\/revisions"}],"predecessor-version":[{"id":98074,"href":"https:\/\/www.actualidadadiario.com\/index.php\/wp-json\/wp\/v2\/posts\/98072\/revisions\/98074"}],"wp:featuredmedia":[{"embeddable":true,"href":"https:\/\/www.actualidadadiario.com\/index.php\/wp-json\/wp\/v2\/media\/98073"}],"wp:attachment":[{"href":"https:\/\/www.actualidadadiario.com\/index.php\/wp-json\/wp\/v2\/media?parent=98072"}],"wp:term":[{"taxonomy":"category","embeddable":true,"href":"https:\/\/www.actualidadadiario.com\/index.php\/wp-json\/wp\/v2\/categories?post=98072"},{"taxonomy":"post_tag","embeddable":true,"href":"https:\/\/www.actualidadadiario.com\/index.php\/wp-json\/wp\/v2\/tags?post=98072"}],"curies":[{"name":"wp","href":"https:\/\/api.w.org\/{rel}","templated":true}]}}