{"id":98069,"date":"2023-02-23T14:52:56","date_gmt":"2023-02-23T17:52:56","guid":{"rendered":"https:\/\/www.actualidadadiario.com\/?p=98069"},"modified":"2023-02-23T14:52:56","modified_gmt":"2023-02-23T17:52:56","slug":"el-senado-ratifico-a-sus-autoridades","status":"publish","type":"post","link":"https:\/\/www.actualidadadiario.com\/index.php\/2023\/02\/23\/el-senado-ratifico-a-sus-autoridades\/","title":{"rendered":"El Senado ratific\u00f3 a sus autoridades"},"content":{"rendered":"<p style=\"text-align: center;\"><em><strong>La C\u00e1mara alta confirm\u00f3 a sus actuales autoridades con el consenso de todos los bloques pol\u00edticos y defini\u00f3 los mi\u00e9rcoles y jueves como d\u00edas de sesiones<\/strong><\/em><\/p>\n<p>&nbsp;<\/p>\n<p>&nbsp;<\/p>\n<p>El Senado de la Naci\u00f3n ratific\u00f3 a sus autoridades en una sesi\u00f3n preparatoria en la que adem\u00e1s fij\u00f3 d\u00edas y horarios de las sesiones ordinarias, de cara a la apertura del nuevo a\u00f1o parlamentario.<\/p>\n<p>Sin la presencia de la vicepresidenta Cristina Fern\u00e1ndez de Kirchner, la presidenta provisional Claudia Ledesma abri\u00f3 el encuentro invitando al jefe de los senadores del Frente de Todos, Jos\u00e9 Mayans -reci\u00e9n recuperado de una afecci\u00f3n que lo mantuvo alejado del Senado durante meses-, a izar la bandera nacional durante la entonaci\u00f3n del himno nacional.<\/p>\n<p>Ante los senadores, Mayans agradeci\u00f3 a &#8220;todos los que se preocuparon&#8221; por su salud y asegur\u00f3 que &#8220;Dios le dio una segunda oportunidad&#8221; tras la enfermedad intestinal que lo afect\u00f3 a mediados del a\u00f1o pasado.<\/p>\n<p>En la sesi\u00f3n preparatoria que dur\u00f3 15 minutos, en la primera actividad del Senado luego de tres meses de receso, el Senado ratific\u00f3 a sus actuales autoridades con el consenso de todos los bloques pol\u00edticos y defini\u00f3 los mi\u00e9rcoles y jueves como d\u00edas de sesiones.<\/p>\n<p>De esa forma, la senadora del oficialismo por Santiago del Estero Ledesma fue reelecta como presidencia provisional, mientras que la vicepresidencia continuar\u00e1 en manos de la santafesina Carolina Losada, de Juntos por el Cambio.<\/p>\n<p>El vicepresidente primero seguir\u00e1 siendo el oficialista misionero Maurice Closs, mientras que la vicepresidenta segunda ser\u00e1 la porte\u00f1a del PRO Guadalupe Tagliaferri.<\/p>\n<p>En el mismo acto, se ratific\u00f3 a Mar\u00eda Luz Alonso como secretaria administrativa de la C\u00e1mara y a Marcelo Fuentes como secretario parlamentario.<\/p>\n","protected":false},"excerpt":{"rendered":"<p>La C\u00e1mara alta confirm\u00f3 a sus actuales autoridades con el consenso de todos los bloques pol\u00edticos y defini\u00f3 los mi\u00e9rcoles y jueves como d\u00edas de sesiones &nbsp; &nbsp; El Senado de la Naci\u00f3n ratific\u00f3 a sus autoridades en una sesi\u00f3n preparatoria en la que adem\u00e1s fij\u00f3 d\u00edas y horarios de las sesiones ordinarias, de cara a la apertura del nuevo a\u00f1o parlamentario. Sin la presencia de la vicepresidenta Cristina Fern\u00e1ndez de Kirchner, la presidenta provisional Claudia Ledesma abri\u00f3 el encuentro invitando al jefe de los senadores del Frente de Todos,&#8230;<\/p>\n","protected":false},"author":3,"featured_media":98070,"comment_status":"closed","ping_status":"closed","sticky":false,"template":"","format":"standard","meta":[],"categories":[18],"tags":[],"_links":{"self":[{"href":"https:\/\/www.actualidadadiario.com\/index.php\/wp-json\/wp\/v2\/posts\/98069"}],"collection":[{"href":"https:\/\/www.actualidadadiario.com\/index.php\/wp-json\/wp\/v2\/posts"}],"about":[{"href":"https:\/\/www.actualidadadiario.com\/index.php\/wp-json\/wp\/v2\/types\/post"}],"author":[{"embeddable":true,"href":"https:\/\/www.actualidadadiario.com\/index.php\/wp-json\/wp\/v2\/users\/3"}],"replies":[{"embeddable":true,"href":"https:\/\/www.actualidadadiario.com\/index.php\/wp-json\/wp\/v2\/comments?post=98069"}],"version-history":[{"count":1,"href":"https:\/\/www.actualidadadiario.com\/index.php\/wp-json\/wp\/v2\/posts\/98069\/revisions"}],"predecessor-version":[{"id":98071,"href":"https:\/\/www.actualidadadiario.com\/index.php\/wp-json\/wp\/v2\/posts\/98069\/revisions\/98071"}],"wp:featuredmedia":[{"embeddable":true,"href":"https:\/\/www.actualidadadiario.com\/index.php\/wp-json\/wp\/v2\/media\/98070"}],"wp:attachment":[{"href":"https:\/\/www.actualidadadiario.com\/index.php\/wp-json\/wp\/v2\/media?parent=98069"}],"wp:term":[{"taxonomy":"category","embeddable":true,"href":"https:\/\/www.actualidadadiario.com\/index.php\/wp-json\/wp\/v2\/categories?post=98069"},{"taxonomy":"post_tag","embeddable":true,"href":"https:\/\/www.actualidadadiario.com\/index.php\/wp-json\/wp\/v2\/tags?post=98069"}],"curies":[{"name":"wp","href":"https:\/\/api.w.org\/{rel}","templated":true}]}}