{"id":98061,"date":"2023-02-23T14:50:53","date_gmt":"2023-02-23T17:50:53","guid":{"rendered":"https:\/\/www.actualidadadiario.com\/?p=98061"},"modified":"2023-02-23T14:50:53","modified_gmt":"2023-02-23T17:50:53","slug":"casaretto-cuestiono-a-los-senadores-renunciantes-las-divisiones-entre-los-nuestros-no-contribuyen","status":"publish","type":"post","link":"https:\/\/www.actualidadadiario.com\/index.php\/2023\/02\/23\/casaretto-cuestiono-a-los-senadores-renunciantes-las-divisiones-entre-los-nuestros-no-contribuyen\/","title":{"rendered":"Casaretto cuestion\u00f3 a los senadores renunciantes: \u201cLas divisiones entre los nuestros no contribuyen\u201d"},"content":{"rendered":"<p style=\"text-align: center;\"><em><strong>El legislador entrerriano, cercano al presidente Alberto Fern\u00e1ndez, apunt\u00f3 contra los senadores que abandonaron el oficialismo para formar el bloque Unidad Federal<\/strong><\/em><\/p>\n<p>&nbsp;<\/p>\n<p>&nbsp;<\/p>\n<p>El diputado del Frente de Todos (FdT) por Entre R\u00edos, Marcelo Casaretto, reconoci\u00f3 que \u201cel Presidente (Alberto Fern\u00e1ndez) se enter\u00f3 en la Ant\u00e1rtida de la renuncia de los senadores\u201d y cuestion\u00f3 la decisi\u00f3n. \u201cLas divisiones entre los nuestros no contribuyen a mejorar\u201d, afirm\u00f3 tras la salida del oficialismo de Edgardo Kueider, Carlos Esp\u00ednola, Guillermo Snopek y Alejandra Catalfamo, quienes formaron el bloque Unidad Federal.<\/p>\n<p>En di\u00e1logo con Karin Cohen y el equipo de El d\u00eda menos pensado (AM 990), el dirigente agreg\u00f3: \u201cYo no comparto el hecho de dividir el bloque en el parlamento nacional, creo que nosotros debemos respaldar a nuestro Gobierno, que es diverso. Algunos se referencian en Alberto Fern\u00e1ndez, otros con Cristina Fern\u00e1ndez y otros en Sergio Massa, pero mi concepto es participar del Frente de Todos, sin divisiones que debiliten las iniciativas del Gobierno\u201d.<\/p>\n<p>Consultado por si la decisi\u00f3n de los senadores renunciantes debilita a la Casa Rosada frente a la gobernabilidad y la proyecci\u00f3n electoral, Casaretto busc\u00f3 poner pa\u00f1os fr\u00edos. \u201cYo creo que no, ya tenemos demasiados problemas en la Argentina. Algunas cuestiones hemos solucionado, la Argentina crece y genera empleo, pero tenemos una inflaci\u00f3n con niveles altos y el desaf\u00edo de distribuir los ingresos\u201d, sostuvo.<\/p>\n<p>Casaretto, quien integr\u00f3 la comitiva que acompa\u00f1\u00f3 al Presidente a la Base Marambio por el D\u00eda de la Ant\u00e1rtida Argentina, tambi\u00e9n tom\u00f3 distancia de las cr\u00edticas de los funcionarios y dirigentes de La C\u00e1mpora sobre el desempe\u00f1o del mandatario. \u201cNo comparto eso. Yo hice un compromiso pol\u00edtico de trabajar para el Frente, yo en el Congreso defiendo al Gobierno\u201d, mencion\u00f3 y cuestion\u00f3 a \u201cquienes tienen estrategias defensivas de ganar un distrito, a pesar de que se pierda a nivel nacional\u201d.<\/p>\n<p>A su vez, marc\u00f3: &#8220;No hay mucha experiencia en la Argentina sobre gobiernos de coalici\u00f3n. En el de (Mauricio) Macri sus socios, pr\u00e1cticamente, no tuvieron participaci\u00f3n y antes pas\u00f3 lo mismo&#8221;. Y complet\u00f3: &#8220;Nosotros tuvimos un frente donde el liderazgo m\u00e1s fuerte era de la vicepresidenta. Esto es in\u00e9dito, pero a nosotros nos unen muchas cosas. Sacando el acuerdo con el Fondo Monetario, en todos los otros temas hemos dando qu\u00f3rum en conjunto\u201d.<\/p>\n<p>El diputado, por \u00faltimo, expres\u00f3 que &#8220;tiene que haber PASO&#8221; y remarc\u00f3 que, anteriormente, se mantuvo en contra de no llevarlas a cabo. &#8220;No compart\u00ed el proyecto de que dejen de hacerlo de la misma manera que no compart\u00ed la idea de posponerlas&#8221;. En ese sentido, se refiri\u00f3 a la posibilidad de que el Alberto Fern\u00e1ndez compita por la reelecci\u00f3n: &#8220;Los dirigentes decidir\u00e1n qu\u00e9 funciones hace cada uno. Creo que el Presidente tiene todo el derecho de presentarse&#8221;.<\/p>\n","protected":false},"excerpt":{"rendered":"<p>El legislador entrerriano, cercano al presidente Alberto Fern\u00e1ndez, apunt\u00f3 contra los senadores que abandonaron el oficialismo para formar el bloque Unidad Federal &nbsp; &nbsp; El diputado del Frente de Todos (FdT) por Entre R\u00edos, Marcelo Casaretto, reconoci\u00f3 que \u201cel Presidente (Alberto Fern\u00e1ndez) se enter\u00f3 en la Ant\u00e1rtida de la renuncia de los senadores\u201d y cuestion\u00f3 la decisi\u00f3n. \u201cLas divisiones entre los nuestros no contribuyen a mejorar\u201d, afirm\u00f3 tras la salida del oficialismo de Edgardo Kueider, Carlos Esp\u00ednola, Guillermo Snopek y Alejandra Catalfamo, quienes formaron el bloque Unidad Federal. En di\u00e1logo&#8230;<\/p>\n","protected":false},"author":3,"featured_media":93296,"comment_status":"closed","ping_status":"closed","sticky":false,"template":"","format":"standard","meta":[],"categories":[18],"tags":[],"_links":{"self":[{"href":"https:\/\/www.actualidadadiario.com\/index.php\/wp-json\/wp\/v2\/posts\/98061"}],"collection":[{"href":"https:\/\/www.actualidadadiario.com\/index.php\/wp-json\/wp\/v2\/posts"}],"about":[{"href":"https:\/\/www.actualidadadiario.com\/index.php\/wp-json\/wp\/v2\/types\/post"}],"author":[{"embeddable":true,"href":"https:\/\/www.actualidadadiario.com\/index.php\/wp-json\/wp\/v2\/users\/3"}],"replies":[{"embeddable":true,"href":"https:\/\/www.actualidadadiario.com\/index.php\/wp-json\/wp\/v2\/comments?post=98061"}],"version-history":[{"count":1,"href":"https:\/\/www.actualidadadiario.com\/index.php\/wp-json\/wp\/v2\/posts\/98061\/revisions"}],"predecessor-version":[{"id":98062,"href":"https:\/\/www.actualidadadiario.com\/index.php\/wp-json\/wp\/v2\/posts\/98061\/revisions\/98062"}],"wp:featuredmedia":[{"embeddable":true,"href":"https:\/\/www.actualidadadiario.com\/index.php\/wp-json\/wp\/v2\/media\/93296"}],"wp:attachment":[{"href":"https:\/\/www.actualidadadiario.com\/index.php\/wp-json\/wp\/v2\/media?parent=98061"}],"wp:term":[{"taxonomy":"category","embeddable":true,"href":"https:\/\/www.actualidadadiario.com\/index.php\/wp-json\/wp\/v2\/categories?post=98061"},{"taxonomy":"post_tag","embeddable":true,"href":"https:\/\/www.actualidadadiario.com\/index.php\/wp-json\/wp\/v2\/tags?post=98061"}],"curies":[{"name":"wp","href":"https:\/\/api.w.org\/{rel}","templated":true}]}}