{"id":98058,"date":"2023-02-23T14:50:03","date_gmt":"2023-02-23T17:50:03","guid":{"rendered":"https:\/\/www.actualidadadiario.com\/?p=98058"},"modified":"2023-02-23T14:50:03","modified_gmt":"2023-02-23T17:50:03","slug":"los-primeros-pasos-del-tablero-electoral-del-frente-de-todos-a-la-espera-de-definiciones","status":"publish","type":"post","link":"https:\/\/www.actualidadadiario.com\/index.php\/2023\/02\/23\/los-primeros-pasos-del-tablero-electoral-del-frente-de-todos-a-la-espera-de-definiciones\/","title":{"rendered":"Los primeros pasos del tablero electoral del Frente de Todos, a la espera de definiciones"},"content":{"rendered":"<p style=\"text-align: center;\"><em><strong>Si bien a\u00fan resta la confirmaci\u00f3n de Alberto Fern\u00e1ndez sobre su candidatura, varios funcionarios y figuras de los distintos espacios de la coalici\u00f3n resuenan para competir por el sill\u00f3n de Rivadavia<\/strong><\/em><\/p>\n<p>&nbsp;<\/p>\n<p>&nbsp;<\/p>\n<p>En un a\u00f1o electoral, el oficialismo a\u00fan no design\u00f3 a sus candidatos a competir para retener el Gobierno por otros cuatro a\u00f1os, pero se encaminan los primeros pasos en el sendero. Si bien, el presidente Alberto Fern\u00e1ndez dio sobradas muestras de querer ser reelecto, no hay una confirmaci\u00f3n oficial sobre su candidatura. Adem\u00e1s, son varios los funcionarios que resuenan para competir por la presidencia.<\/p>\n<p>Durante el intercambio entre las fuerzas que se materializ\u00f3 en la mesa del Frente de Todos, el mandatario afirm\u00f3 que cree poder competir por una nueva etapa de gesti\u00f3n, aunque aclar\u00f3 que, si hay otro candidato m\u00e1s apto para hacerlo, lo acompa\u00f1ar\u00e1.<\/p>\n<p>No es la primera vez que expresa la salvedad, a pesar de que, tal y como apuntan los funcionarios de su entorno, es un candidato natural por su condici\u00f3n de Presidente.<\/p>\n<p>Fern\u00e1ndez no tiene intenciones de bajarse de la pelea, a\u00fan tras los cuestionamientos del kirchnerismo y as\u00ed lo demuestra al recorrer el pa\u00eds y protagonizar reuniones junto a gobernadores e intendentes. Desde su entorno lo respaldan y aseguran que tiene el derecho pol\u00edtico y constitucional de hacerlo.<\/p>\n<p>\u201cEs singular, pero no hay ning\u00fan inconveniente para que el Presidente compita en una PASO\u201d, manifest\u00f3 su flamante jefe de Gabinete, Agust\u00edn Rossi, al tiempo que aclar\u00f3 que &#8220;nadie en la coalici\u00f3n tiene poder de veto&#8221;.<\/p>\n<p>En la misma sinton\u00eda, se mostr\u00f3 la ministra de Desarrollo Social, Victoria Tolosa Paz, al exponer que el mandatario ser\u00e1 candidato &#8220;hasta que diga que no lo es&#8221;. Tambi\u00e9n lo hizo An\u00edbal Fern\u00e1ndez, al frente de Seguridad, quien precis\u00f3 que el Presidente se presentar\u00e1 y que si la vicepresidenta Cristina Fern\u00e1ndez de Kirchner tiene intenciones de competir, deber\u00e1 hacerlo en una PASO.<\/p>\n<p>Un ministro del entorno del Presidente revel\u00f3 a NA que, de no competir por renovar su gesti\u00f3n, el candidato natural de Fern\u00e1ndez ser\u00e1 Daniel Scioli quien, a pesar de su lealtad, dio sobradas muestras de querer correr por la presidencia. El martes pasado, el embajador argentino en Brasil public\u00f3 una carta abierta en la que desliz\u00f3 sus intenciones de representar el Frente de Todos.<\/p>\n<p>&#8220;Ac\u00e1 estoy. Soy el Daniel de siempre, con m\u00e1s fe y esperanza que nunca. Cuentan conmigo. Yo cuento con ustedes&#8221;, reza la misiva que el ex motonauta hizo p\u00fablica. En otro pasaje, resalt\u00f3: \u201cLa lealtad seguir\u00e1 siendo mi hoja de ruta\u201d.<\/p>\n<p>Desde el sector que responde a la vicepresidenta Cristina Kirchner y con ella fuera de la carrera seg\u00fan comunic\u00f3 tras la sentencia que recibi\u00f3 en la causa por la Obra P\u00fablica, aparece su ministro de Interior y dirigente de La C\u00e1mpora, Eduardo &#8220;Wado&#8221; de Pedro como el favorito.<\/p>\n<p>Si bien es claro que har\u00e1 lo que la vicepresidenta habilite, hasta el momento, dio algunos indicios en sus movimientos que lo categorizan como un factible precandidato. Incluso, cosech\u00f3 ya el apoyo de varios referentes de la coalici\u00f3n, entre ellos, el del gobernador de La Rioja Ricardo Quintela, quien sostuvo que, si no se presentan ni el Presidente ni la Cristina Kirchner, &#8220;Wado es el que tiene m\u00e1s chances&#8221;.<\/p>\n<p>Tambi\u00e9n, el titular del MTE y referente de Patria Grande, Juan Grabois, se mostr\u00f3 cercano al ministro, pero con el se\u00f1alamiento de que, si el funcionario del Ejecutivo opta por no competir, lo har\u00e1 \u00e9l. Con la leyenda &#8220;Juan XXIII&#8221;, Grabois busca &#8220;representar a su generaci\u00f3n&#8221; en la carrera para mantener el poder en manos del oficialismo.<\/p>\n<p>Mientras tanto, el titular del Ministerio del Interior recorre el pa\u00eds y acumula fotos junto a gobernadores en actividad que son informadas a trav\u00e9s de su canal de comunicaci\u00f3n formal, pero tambi\u00e9n de la informal: La Remiser\u00eda de la Rosada. Se trata de una cuenta de Twitter e Instagram en la que, mediante posteos con tintes ir\u00f3nicos, logran instalar las chances de su postulaci\u00f3n, aunque, desde su entorno, no hay ning\u00fan tipo de confirmaci\u00f3n.<\/p>\n<p>En una de sus \u00faltimas publicaciones, figura una foto del funcionario, de espaldas, mirando al horizonte frente a un atardecer, con la leyenda: &#8220;Mira que fot\u00f3n pegamos. Ir\u00eda con una frase tipo\u2026 &#8216;Hay futuro&#8217; o algo as\u00ed. Se aceptan sugerencias&#8221; .<\/p>\n<p>En una situaci\u00f3n similar est\u00e1 el ministro de Econom\u00eda y referente del Frente Renovador, Sergio Massa. Sin confirmaci\u00f3n, el tigrense es otro de los nombres que resuenan en cada conversaci\u00f3n respecto al futuro de la coalici\u00f3n. El funcionario aclar\u00f3 la incompatibilidad de ser titular de una cartera tan central como el Palacio de Hacienda y precandidato a presidente, argumento que utiliza para desestimar su competencia.<\/p>\n","protected":false},"excerpt":{"rendered":"<p>Si bien a\u00fan resta la confirmaci\u00f3n de Alberto Fern\u00e1ndez sobre su candidatura, varios funcionarios y figuras de los distintos espacios de la coalici\u00f3n resuenan para competir por el sill\u00f3n de Rivadavia &nbsp; &nbsp; En un a\u00f1o electoral, el oficialismo a\u00fan no design\u00f3 a sus candidatos a competir para retener el Gobierno por otros cuatro a\u00f1os, pero se encaminan los primeros pasos en el sendero. Si bien, el presidente Alberto Fern\u00e1ndez dio sobradas muestras de querer ser reelecto, no hay una confirmaci\u00f3n oficial sobre su candidatura. Adem\u00e1s, son varios los funcionarios&#8230;<\/p>\n","protected":false},"author":3,"featured_media":65402,"comment_status":"closed","ping_status":"closed","sticky":false,"template":"","format":"standard","meta":[],"categories":[9],"tags":[],"_links":{"self":[{"href":"https:\/\/www.actualidadadiario.com\/index.php\/wp-json\/wp\/v2\/posts\/98058"}],"collection":[{"href":"https:\/\/www.actualidadadiario.com\/index.php\/wp-json\/wp\/v2\/posts"}],"about":[{"href":"https:\/\/www.actualidadadiario.com\/index.php\/wp-json\/wp\/v2\/types\/post"}],"author":[{"embeddable":true,"href":"https:\/\/www.actualidadadiario.com\/index.php\/wp-json\/wp\/v2\/users\/3"}],"replies":[{"embeddable":true,"href":"https:\/\/www.actualidadadiario.com\/index.php\/wp-json\/wp\/v2\/comments?post=98058"}],"version-history":[{"count":1,"href":"https:\/\/www.actualidadadiario.com\/index.php\/wp-json\/wp\/v2\/posts\/98058\/revisions"}],"predecessor-version":[{"id":98060,"href":"https:\/\/www.actualidadadiario.com\/index.php\/wp-json\/wp\/v2\/posts\/98058\/revisions\/98060"}],"wp:featuredmedia":[{"embeddable":true,"href":"https:\/\/www.actualidadadiario.com\/index.php\/wp-json\/wp\/v2\/media\/65402"}],"wp:attachment":[{"href":"https:\/\/www.actualidadadiario.com\/index.php\/wp-json\/wp\/v2\/media?parent=98058"}],"wp:term":[{"taxonomy":"category","embeddable":true,"href":"https:\/\/www.actualidadadiario.com\/index.php\/wp-json\/wp\/v2\/categories?post=98058"},{"taxonomy":"post_tag","embeddable":true,"href":"https:\/\/www.actualidadadiario.com\/index.php\/wp-json\/wp\/v2\/tags?post=98058"}],"curies":[{"name":"wp","href":"https:\/\/api.w.org\/{rel}","templated":true}]}}