{"id":98055,"date":"2023-02-23T14:46:29","date_gmt":"2023-02-23T17:46:29","guid":{"rendered":"https:\/\/www.actualidadadiario.com\/?p=98055"},"modified":"2023-02-23T14:46:29","modified_gmt":"2023-02-23T17:46:29","slug":"juicio-a-la-corte-comenzo-en-diputados-la-produccion-de-pruebas-y-jxc-se-fue-de-la-reunion","status":"publish","type":"post","link":"https:\/\/www.actualidadadiario.com\/index.php\/2023\/02\/23\/juicio-a-la-corte-comenzo-en-diputados-la-produccion-de-pruebas-y-jxc-se-fue-de-la-reunion\/","title":{"rendered":"Juicio a la Corte: comenz\u00f3 en Diputados la producci\u00f3n de pruebas y JxC se fue de la reuni\u00f3n"},"content":{"rendered":"<p style=\"text-align: center;\"><em><strong>Declarar\u00e1n los jueces Alejo Ramos Padilla y Sebasti\u00e1n Ramos, entre otros citados. La oposici\u00f3n se retir\u00f3 denunciando irregularidades<\/strong><\/em><\/p>\n<p>&nbsp;<\/p>\n<p>&nbsp;<\/p>\n<p>La Comisi\u00f3n de Juicio Pol\u00edtico de la C\u00e1mara de Diputados comenz\u00f3 la etapa de producci\u00f3n de la prueba en el proceso contra los jueces de la Corte Suprema con la declaraci\u00f3n de seis testigos convocados. En el arranque de la jornada los legisladores de Juntos por el Cambio se retiraron de la reuni\u00f3n.<\/p>\n<p>La reuni\u00f3n de la Comisi\u00f3n, presidida por la diputada oficialista Carolina Gaillard, arranc\u00f3 a las 11 en el Congreso de la Naci\u00f3n. Se trata de la segunda etapa del proceso que se lleva a cabo contra los cuatro integrantes de la Corte Suprema de Justicia, impulsado por el presidente Alberto Fern\u00e1ndez y gobernadores aliados.<\/p>\n<p>&#8220;Comenzamos la etapa de producci\u00f3n de la prueba. En el d\u00eda de la fecha van a ser librados los oficios todos, excepto los que van dirigidos a DAJUDECO (Direcci\u00f3n de Asistencia Judicial en Delitos Complejos y Crimen Organizado) y tienen que ver con cruce de llamadas, para lo cual vamos a requerir la autorizaci\u00f3n del juez para llevar adelante esa prueba informativa&#8221;, se\u00f1al\u00f3 la presidenta de la Comisi\u00f3n.<\/p>\n<p>En ese sentido, la entrerriana destac\u00f3 que los jueces de la Corte Suprema, Horacio Rosatti, Carlos Rosenkrantz, Juan Carlos Maqueda y Ricardo Lorenzetti, &#8220;han sido notificados de la declaraci\u00f3n de admisibilidad y tambi\u00e9n de que tienen la posibilidad de acceder en todo momento al expediente&#8221;.<\/p>\n<p>&nbsp;<\/p>\n<p><strong>Desacuerdo y retiro de la oposici\u00f3n<\/strong><\/p>\n<p>En tanto, el vicepresidente de la Comisi\u00f3n y el diputado de la Coalici\u00f3n C\u00edvica-ARI, Juan Manuel L\u00f3pez, ley\u00f3 un escrito firmado por los legisladores de la oposici\u00f3n que integran ese cuerpo y se\u00f1al\u00f3 que &#8220;hay una serie de irregularidades que se sigue manteniendo&#8221; en el proceso.<\/p>\n<p>&#8220;Advertimos que la Comisi\u00f3n no s\u00f3lo ha cometido severas irregularidades, sino que adem\u00e1s ha avanzado ilegalmente en el marco de la etapa probatoria&#8221;, indica el texto en cuesti\u00f3n. Y agrega: &#8220;La Comisi\u00f3n est\u00e1 llevando adelante un proceso penal paralelo&#8221;.<\/p>\n<p>Acto seguido, L\u00f3pez indic\u00f3: &#8220;Ahora vamos a levantarnos para poder contar a la sociedad m\u00e1s sobre lo que venimos a denunciar ac\u00e1&#8221;.<\/p>\n<p>&nbsp;<\/p>\n<p><strong>Debate por el alcance de la citaci\u00f3n a jueces<\/strong><\/p>\n<p>Para la jornada de este jueves fueron convocados los magistrados Alejo Ramos Padilla (juez federal de La Plata) y Sebasti\u00e1n Ramos (juez federal de la Ciudad de Buenos Aires), quienes -seg\u00fan fuentes del \u00e1mbito de la justicia asistir\u00e1n al Congreso.<\/p>\n<p>Exist\u00eda la duda en el mundillo judicial sobre el alcance de la citaci\u00f3n: el art\u00edculo 250 del c\u00f3digo procesal penal incluye a los funcionarios del Poder Judicial de la Naci\u00f3n entre quienes no est\u00e1n obligados a comparecer a los tribunales cuando son citados como testigos, pero el reglamento de la Comisi\u00f3n de Juicio Pol\u00edtico dispone lo contrario.<\/p>\n<p>&#8220;Los magistrados y funcionarios indicados en el art\u00edculo 250 del C\u00f3digo Procesal Penal, con excepci\u00f3n del presidente y vicepresidente de la Naci\u00f3n y los gobernadores y vicegobernadores de las provincias, estar\u00e1n igualmente obligados a comparecer ante la Comisi\u00f3n a testimoniar&#8221;, se indica en el reglamento de la comisi\u00f3n, por lo que los funcionarios convocados habr\u00edan interpretado que la citaci\u00f3n no tiene car\u00e1cter de opcional.<\/p>\n<p>&nbsp;<\/p>\n<p><strong>Juicio a la Corte: qu\u00e9 se investiga<\/strong><\/p>\n<p>La convocatoria de ambos magistrados est\u00e1 vinculada al cap\u00edtulo judicial de la filtraci\u00f3n de las supuestas conversaciones por chat a trav\u00e9s de la red social Telegram atribuidas a Silvio Robles, colaborador del presidente de la Corte Suprema Horacio Rosatti, y Marcelo D\u00b4Alessandro, ministro de Seguridad y Justicia (en uso de licencia) de la Ciudad de Buenos Aires, en las que se refer\u00edan a casos que estaban bajo estudio del m\u00e1ximo tribunal conocidos como &#8220;Consejo de la Magistratura&#8221; y &#8220;Coparticipaci\u00f3n&#8221;.<\/p>\n<p>El juez Sebasti\u00e1n Ramos fue quien archiv\u00f3 desde los tribunales federales de Comodoro Py, y a instancias del fiscal Carlos Stornelli, una denuncia vinculada a esos chats, bajo el argumento de que los elementos probatorios incorporados a la denuncia podr\u00edan haber sido obtenidos &#8220;mediante maniobras organizadas basadas en actividades de inteligencia ilegal&#8221;.<\/p>\n<p>Su colega Alejo Ramos Padilla, en tanto, intervino en una denuncia por los mismos hechos pero presentada ante el fuero federal platense por el gobernador de la provincia de Buenos Aires, Axel Kicillof, y sostuvo lo opuesto en relaci\u00f3n a los supuestos indicios de espionaje ilegal.<\/p>\n<p>&nbsp;<\/p>\n<p><strong>Los pr\u00f3ximos testimonios<\/strong><\/p>\n<p>Para este jueves est\u00e1 prevista la declaraci\u00f3n de los jueces Alejo Ramos Padilla y Sebasti\u00e1n Ramos; el ex titular de la Secretar\u00eda Judicial N\u00b05, actualmente inexistente en el organigrama de la Corte Suprema, Cristian Abritta; el subdirector de Gesti\u00f3n Interna y Habilitaci\u00f3n, dependiente de la Secretar\u00eda General de Administraci\u00f3n, Sergio Rub\u00e9n Romero; Silenio R\u00f3mulo C\u00e1rdenas Ponce Ruiz, de la Secretar\u00eda Judicial N\u00b02 Previsional; Alejandro Daniel Rodr\u00edguez, de la Secretar\u00eda de Juicios Originarios; y Roberto Miguel \u00c1ngel Saggese, de la Vocal\u00eda de Rosatti.<\/p>\n","protected":false},"excerpt":{"rendered":"<p>Declarar\u00e1n los jueces Alejo Ramos Padilla y Sebasti\u00e1n Ramos, entre otros citados. La oposici\u00f3n se retir\u00f3 denunciando irregularidades &nbsp; &nbsp; La Comisi\u00f3n de Juicio Pol\u00edtico de la C\u00e1mara de Diputados comenz\u00f3 la etapa de producci\u00f3n de la prueba en el proceso contra los jueces de la Corte Suprema con la declaraci\u00f3n de seis testigos convocados. En el arranque de la jornada los legisladores de Juntos por el Cambio se retiraron de la reuni\u00f3n. La reuni\u00f3n de la Comisi\u00f3n, presidida por la diputada oficialista Carolina Gaillard, arranc\u00f3 a las 11 en&#8230;<\/p>\n","protected":false},"author":3,"featured_media":98056,"comment_status":"closed","ping_status":"closed","sticky":false,"template":"","format":"standard","meta":[],"categories":[9],"tags":[],"_links":{"self":[{"href":"https:\/\/www.actualidadadiario.com\/index.php\/wp-json\/wp\/v2\/posts\/98055"}],"collection":[{"href":"https:\/\/www.actualidadadiario.com\/index.php\/wp-json\/wp\/v2\/posts"}],"about":[{"href":"https:\/\/www.actualidadadiario.com\/index.php\/wp-json\/wp\/v2\/types\/post"}],"author":[{"embeddable":true,"href":"https:\/\/www.actualidadadiario.com\/index.php\/wp-json\/wp\/v2\/users\/3"}],"replies":[{"embeddable":true,"href":"https:\/\/www.actualidadadiario.com\/index.php\/wp-json\/wp\/v2\/comments?post=98055"}],"version-history":[{"count":1,"href":"https:\/\/www.actualidadadiario.com\/index.php\/wp-json\/wp\/v2\/posts\/98055\/revisions"}],"predecessor-version":[{"id":98057,"href":"https:\/\/www.actualidadadiario.com\/index.php\/wp-json\/wp\/v2\/posts\/98055\/revisions\/98057"}],"wp:featuredmedia":[{"embeddable":true,"href":"https:\/\/www.actualidadadiario.com\/index.php\/wp-json\/wp\/v2\/media\/98056"}],"wp:attachment":[{"href":"https:\/\/www.actualidadadiario.com\/index.php\/wp-json\/wp\/v2\/media?parent=98055"}],"wp:term":[{"taxonomy":"category","embeddable":true,"href":"https:\/\/www.actualidadadiario.com\/index.php\/wp-json\/wp\/v2\/categories?post=98055"},{"taxonomy":"post_tag","embeddable":true,"href":"https:\/\/www.actualidadadiario.com\/index.php\/wp-json\/wp\/v2\/tags?post=98055"}],"curies":[{"name":"wp","href":"https:\/\/api.w.org\/{rel}","templated":true}]}}