{"id":98052,"date":"2023-02-23T14:45:45","date_gmt":"2023-02-23T17:45:45","guid":{"rendered":"https:\/\/www.actualidadadiario.com\/?p=98052"},"modified":"2023-02-23T14:45:45","modified_gmt":"2023-02-23T17:45:45","slug":"empleo-verde-como-es-el-programa-que-lanzo-trabajo","status":"publish","type":"post","link":"https:\/\/www.actualidadadiario.com\/index.php\/2023\/02\/23\/empleo-verde-como-es-el-programa-que-lanzo-trabajo\/","title":{"rendered":"Empleo Verde, c\u00f3mo es el programa que lanz\u00f3 Trabajo"},"content":{"rendered":"<p style=\"text-align: center;\"><em><strong>El Ministerio de Trabajo lanz\u00f3 un programa con el fin de crear oportunidades estrat\u00e9gicas a nivel sectorial y territorial. Buscar\u00e1n llevar a las empresas hacia sectores sustentables<\/strong><\/em><\/p>\n<p>&nbsp;<\/p>\n<p>&nbsp;<\/p>\n<p>El Ministerio de Trabajo dispuso este jueves la creaci\u00f3n del programa &#8220;Empleo Verde&#8221;, con el objetivo de impulsar la creaci\u00f3n de puestos en los sectores ambientalmente sustentables al igual que la capacitaci\u00f3n en estas competencias.<\/p>\n<p>La iniciativa, dispuesta mediante la resoluci\u00f3n 82\/2023 publicada esta jornada en el Bolet\u00edn Oficial, busca &#8220;impulsar el crecimiento del empleo verde&#8221; y &#8220;favorecer las actividades econ\u00f3micas m\u00e1s cuidadosas en el uso de los recursos naturales y el impacto ambiental&#8221;, seg\u00fan se\u00f1ala la normativa.<\/p>\n<p>Para ello, adem\u00e1s de impulsar la creaci\u00f3n de puestos de trabajo verdes identificando &#8220;oportunidades estrat\u00e9gicas a nivel sectorial y territorial&#8221;, se promover\u00e1 la formaci\u00f3n profesional y la mejora de las competencias laborales en estos perfiles ocupacionales.<\/p>\n<p>Del mismo modo, se buscar\u00e1 acompa\u00f1ar a los trabajadores en el caso de que se encuentren en procesos de transici\u00f3n laboral, intentando as\u00ed reducir el impacto negativo que puedan provocar estos cambios en el mercado de trabajo y sostener el empleo.<\/p>\n<p>Tambi\u00e9n se impulsar\u00e1 la movilidad de trabajadores y de empresas hacia sectores verdes, en funci\u00f3n del producto final o el proceso de trabajo.<\/p>\n<p>&nbsp;<\/p>\n<p><strong>Objetivos del programa<\/strong><\/p>\n<p>El l\u00ednea con estas acciones, se desarrollar\u00e1 &#8220;acciones positivas contra todas las formas de discriminaci\u00f3n en el mundo de trabajo&#8221;, considerando las caracter\u00edsticas de los trabajadores en situaci\u00f3n de vulnerabilidad y riesgo de exclusi\u00f3n del mercado laboral.<\/p>\n<p>La propuesta se orientar\u00e1 a todo tipo de trabajadores -asalariados, independientes, de unidades autogestionadas o desocupados- y promover\u00e1 la participaci\u00f3n de empresas que lleven adelante &#8220;procesos productivos ambientalmente sustentables&#8221;, priorizando a las pymes.<\/p>\n<p>Asimismo, contemplar\u00e1 a organizaciones de la sociedad civil y organismos p\u00fablicos nacionales, provinciales y municipales.<\/p>\n<p>&nbsp;<\/p>\n<p><strong>Lanzamiento &#8220;Empleo Verde&#8221;<\/strong><\/p>\n<p>Dicha iniciativa de promoci\u00f3n -seg\u00fan se desprende de la resoluci\u00f3n- tambi\u00e9n apuntar\u00e1 a la transversalidad ya sea con otros planes, programas y acciones de empleo del Ministerio de Trabajo -los cuales podr\u00e1n tener nuevos incentivos desde la perspectiva ambiental-, como con programas ambientales de otros organismos p\u00fablicos nacionales, provinciales o municipales o de la sociedad civil.<\/p>\n<p>De igual manera, tendr\u00e1 como base el &#8220;di\u00e1logo social con la participaci\u00f3n de actores del mundo del trabajo y la producci\u00f3n&#8221; y, en ese sentido, contempla la posibilidad de acordar planes sectoriales de adaptaci\u00f3n laboral con ambos actores, teniendo en cuenta que la transici\u00f3n, si bien permitir\u00e1 la creaci\u00f3n de nuevos empleos y empresas sostenibles, tambi\u00e9n puede implicar la destrucci\u00f3n de otros puestos, problem\u00e1tica que el programa buscar\u00e1 minimizar.<\/p>\n","protected":false},"excerpt":{"rendered":"<p>El Ministerio de Trabajo lanz\u00f3 un programa con el fin de crear oportunidades estrat\u00e9gicas a nivel sectorial y territorial. Buscar\u00e1n llevar a las empresas hacia sectores sustentables &nbsp; &nbsp; El Ministerio de Trabajo dispuso este jueves la creaci\u00f3n del programa &#8220;Empleo Verde&#8221;, con el objetivo de impulsar la creaci\u00f3n de puestos en los sectores ambientalmente sustentables al igual que la capacitaci\u00f3n en estas competencias. La iniciativa, dispuesta mediante la resoluci\u00f3n 82\/2023 publicada esta jornada en el Bolet\u00edn Oficial, busca &#8220;impulsar el crecimiento del empleo verde&#8221; y &#8220;favorecer las actividades econ\u00f3micas&#8230;<\/p>\n","protected":false},"author":3,"featured_media":98053,"comment_status":"closed","ping_status":"closed","sticky":false,"template":"","format":"standard","meta":[],"categories":[2],"tags":[],"_links":{"self":[{"href":"https:\/\/www.actualidadadiario.com\/index.php\/wp-json\/wp\/v2\/posts\/98052"}],"collection":[{"href":"https:\/\/www.actualidadadiario.com\/index.php\/wp-json\/wp\/v2\/posts"}],"about":[{"href":"https:\/\/www.actualidadadiario.com\/index.php\/wp-json\/wp\/v2\/types\/post"}],"author":[{"embeddable":true,"href":"https:\/\/www.actualidadadiario.com\/index.php\/wp-json\/wp\/v2\/users\/3"}],"replies":[{"embeddable":true,"href":"https:\/\/www.actualidadadiario.com\/index.php\/wp-json\/wp\/v2\/comments?post=98052"}],"version-history":[{"count":1,"href":"https:\/\/www.actualidadadiario.com\/index.php\/wp-json\/wp\/v2\/posts\/98052\/revisions"}],"predecessor-version":[{"id":98054,"href":"https:\/\/www.actualidadadiario.com\/index.php\/wp-json\/wp\/v2\/posts\/98052\/revisions\/98054"}],"wp:featuredmedia":[{"embeddable":true,"href":"https:\/\/www.actualidadadiario.com\/index.php\/wp-json\/wp\/v2\/media\/98053"}],"wp:attachment":[{"href":"https:\/\/www.actualidadadiario.com\/index.php\/wp-json\/wp\/v2\/media?parent=98052"}],"wp:term":[{"taxonomy":"category","embeddable":true,"href":"https:\/\/www.actualidadadiario.com\/index.php\/wp-json\/wp\/v2\/categories?post=98052"},{"taxonomy":"post_tag","embeddable":true,"href":"https:\/\/www.actualidadadiario.com\/index.php\/wp-json\/wp\/v2\/tags?post=98052"}],"curies":[{"name":"wp","href":"https:\/\/api.w.org\/{rel}","templated":true}]}}