{"id":98034,"date":"2023-02-22T13:57:50","date_gmt":"2023-02-22T16:57:50","guid":{"rendered":"https:\/\/www.actualidadadiario.com\/?p=98034"},"modified":"2023-02-22T13:57:50","modified_gmt":"2023-02-22T16:57:50","slug":"alberto-fernandez-llego-a-la-antartida-la-intimidad-de-un-viaje-que-incluye-una-cadena-nacional","status":"publish","type":"post","link":"https:\/\/www.actualidadadiario.com\/index.php\/2023\/02\/22\/alberto-fernandez-llego-a-la-antartida-la-intimidad-de-un-viaje-que-incluye-una-cadena-nacional\/","title":{"rendered":"Alberto Fern\u00e1ndez lleg\u00f3 a la Ant\u00e1rtida: la intimidad de un viaje que incluye una cadena nacional"},"content":{"rendered":"<p style=\"text-align: center;\"><em><strong>A pesar de las dudas por las condiciones meteorol\u00f3gicas, el Presidente y la delegaci\u00f3n aterriz\u00f3 11.40 en el continente m\u00e1s austral del planeta<\/strong><\/em><\/p>\n<p>&nbsp;<\/p>\n<p>&nbsp;<\/p>\n<p>El presidente Alberto Fern\u00e1ndez y la delegaci\u00f3n que lo acompa\u00f1a lleg\u00f3 Ant\u00e1rtida para poner en funci\u00f3n tres laboratorios en las bases argentinas. A pesar de las condiciones meteorol\u00f3gicas que dificultan el traslado, finalmente el mandatario se traslad\u00f3 en el H\u00e9rcules, avi\u00f3n militar, y aterriz\u00f3 11.40 en la m\u00edtica estaci\u00f3n cient\u00edfica argentina, que funciona all\u00ed desde 1969.<\/p>\n<p>Durante la jornada de hoy, el jefe de Estado visitar\u00e1 la Base Marambio, con motivo de conmemorarse el D\u00eda de la Ant\u00e1rtida Argentina. Se espera que a las 13.30 hable en cadena nacional y realice una defensa de su gesti\u00f3n.<\/p>\n<p>La portavoz Gabriela Cerruti public\u00f3 una imagen en la que se la ve rodeada por el entorno m\u00e1s cercano a Fern\u00e1ndez. Los ministros Daniel Filmus (Ciencia y Tecnolog\u00eda), Juan Cabandi\u00e9 (Ambiente y Desarrollo Sostenible), Gabriel Katopodis (Obras P\u00fablicas), Jaime Perczyk (Educaci\u00f3n) y Carla Vizzotti (Salud) posaron junto a los secretarios Julio Vitobello (General de la Presidencia) y Vilma Ibarra (Legal y T\u00e9cnica).<\/p>\n<p>Completan la delegaci\u00f3n el canciller, Santiago Cafiero, y los titulares de Defensa, Jorge Taiana y de Desarrollo Social, Victoria Tolosa Paz; as\u00ed tambi\u00e9n el secretario de Malvinas, Ant\u00e1rtida y Atl\u00e1ntico Sur, Guillermo Carmona y los diputados Marcelo Casaretto, Aldo Leiva, Eduardo Toniolli, Mara Brawer y Agustina Propato.<\/p>\n<p>Tambi\u00e9n forman parte de la visita el jefe del Estado Mayor Conjunto, Juan Mart\u00edn Paleo, y los jefes de los Estados Mayores Generales del Ej\u00e9rcito, Guillermo Pereda, de la Armada, Julio Horacio Guardia, y de la Fuerza A\u00e9rea, Xavier Juli\u00e1n Isaac.<\/p>\n<p>Una vez que arribe, el jefe de Estado pondr\u00e1 en funci\u00f3n tres laboratorios en las bases San Mart\u00edn, Orcadas y Esperanza. Adem\u00e1s, se convertir\u00e1 as\u00ed en el cuarto mandatario argentino en pisar el continente blanco y se sumar\u00e1 a la lista encabeza por Arturo Frondizi, Ra\u00fal Lastiri y Carlos Menem.<\/p>\n<p>En sus inicios, el viaje estaba originalmente concebido en celebraci\u00f3n del 25 de mayo de 2022, pero las malas condiciones meteorol\u00f3gicas de aquella jornada frustraron la partida.<\/p>\n<p>La visita a la base Marambio coincide con el D\u00eda de la Soberan\u00eda en la Ant\u00e1rtida Argentina, en conmemoraci\u00f3n al primer izamiento de la bandera argentina en la isla Laurie del archipi\u00e9lago Orcadas del Sur, al norte del Sector Ant\u00e1rtico Argentino.<\/p>\n<p>A su parte, el diputado Casaretto public\u00f3 un mensaje en sus redes sociales en el que detall\u00f3 los elementos y la ropa que utiliza para enfrentar las bajas temperaturas de la zona que registra -2.3\u00b0. Previo a la partida del mandatario, personal de apoyo sobrevol\u00f3 la base para dar un informe acerca de la situaci\u00f3n.<\/p>\n<p>Buzo t\u00e9rmico, calzas, medias t\u00e9rmicas, anteojos y protectorias auditivos, alguno de los elementos que el diputado enumer\u00f3 en el reel de Instagram. Adem\u00e1s, complet\u00f3 su vestuario con una campera doble forro y botas especialmente preparadas para la nieve.<\/p>\n<p>Tras su salida de Buenos Aires, el jefe de Estado realiz\u00f3 una escala en Ushuaia, desde donde parti\u00f3 hacia la m\u00edtica estaci\u00f3n cient\u00edfica argentina en la Ant\u00e1rtida. &#8220;En vuelo a Ushuaia fuimos escoltados por dos aviones Pampa III como muestra de reconocimiento y respeto institucional, dispuestos por el jefe del Estado Mayor General de la Fuerza A\u00e9rea Argentina, brigadier general Xavier Juli\u00e1n Isaac #DemocraciaParaSiempre&#8221;, supo publicar el mandatario a trav\u00e9s de sus redes sociales.<\/p>\n","protected":false},"excerpt":{"rendered":"<p>A pesar de las dudas por las condiciones meteorol\u00f3gicas, el Presidente y la delegaci\u00f3n aterriz\u00f3 11.40 en el continente m\u00e1s austral del planeta &nbsp; &nbsp; El presidente Alberto Fern\u00e1ndez y la delegaci\u00f3n que lo acompa\u00f1a lleg\u00f3 Ant\u00e1rtida para poner en funci\u00f3n tres laboratorios en las bases argentinas. A pesar de las condiciones meteorol\u00f3gicas que dificultan el traslado, finalmente el mandatario se traslad\u00f3 en el H\u00e9rcules, avi\u00f3n militar, y aterriz\u00f3 11.40 en la m\u00edtica estaci\u00f3n cient\u00edfica argentina, que funciona all\u00ed desde 1969. Durante la jornada de hoy, el jefe de Estado&#8230;<\/p>\n","protected":false},"author":3,"featured_media":98035,"comment_status":"closed","ping_status":"closed","sticky":false,"template":"","format":"standard","meta":[],"categories":[18],"tags":[],"_links":{"self":[{"href":"https:\/\/www.actualidadadiario.com\/index.php\/wp-json\/wp\/v2\/posts\/98034"}],"collection":[{"href":"https:\/\/www.actualidadadiario.com\/index.php\/wp-json\/wp\/v2\/posts"}],"about":[{"href":"https:\/\/www.actualidadadiario.com\/index.php\/wp-json\/wp\/v2\/types\/post"}],"author":[{"embeddable":true,"href":"https:\/\/www.actualidadadiario.com\/index.php\/wp-json\/wp\/v2\/users\/3"}],"replies":[{"embeddable":true,"href":"https:\/\/www.actualidadadiario.com\/index.php\/wp-json\/wp\/v2\/comments?post=98034"}],"version-history":[{"count":1,"href":"https:\/\/www.actualidadadiario.com\/index.php\/wp-json\/wp\/v2\/posts\/98034\/revisions"}],"predecessor-version":[{"id":98036,"href":"https:\/\/www.actualidadadiario.com\/index.php\/wp-json\/wp\/v2\/posts\/98034\/revisions\/98036"}],"wp:featuredmedia":[{"embeddable":true,"href":"https:\/\/www.actualidadadiario.com\/index.php\/wp-json\/wp\/v2\/media\/98035"}],"wp:attachment":[{"href":"https:\/\/www.actualidadadiario.com\/index.php\/wp-json\/wp\/v2\/media?parent=98034"}],"wp:term":[{"taxonomy":"category","embeddable":true,"href":"https:\/\/www.actualidadadiario.com\/index.php\/wp-json\/wp\/v2\/categories?post=98034"},{"taxonomy":"post_tag","embeddable":true,"href":"https:\/\/www.actualidadadiario.com\/index.php\/wp-json\/wp\/v2\/tags?post=98034"}],"curies":[{"name":"wp","href":"https:\/\/api.w.org\/{rel}","templated":true}]}}