{"id":98032,"date":"2023-02-22T13:57:05","date_gmt":"2023-02-22T16:57:05","guid":{"rendered":"https:\/\/www.actualidadadiario.com\/?p=98032"},"modified":"2023-02-22T13:57:05","modified_gmt":"2023-02-22T16:57:05","slug":"el-senado-volvera-a-sesionar-manana-con-una-doble-convocatoria","status":"publish","type":"post","link":"https:\/\/www.actualidadadiario.com\/index.php\/2023\/02\/22\/el-senado-volvera-a-sesionar-manana-con-una-doble-convocatoria\/","title":{"rendered":"El Senado volver\u00e1 a sesionar ma\u00f1ana con una doble convocatoria"},"content":{"rendered":"<p style=\"text-align: center;\"><em><strong>La C\u00e1mara Alta se prepara para ratificar a sus actuales autoridades para el nuevo periodo legislativo mientras contin\u00faa la puja entre las principales bancadas. Sin asistencia de JxC para la segunda parte del d\u00eda, el oficialismo debe garantizarse el qu\u00f3rum para tratar Alcohol Cero y la Ley Lucio<\/strong><\/em><\/p>\n<p>&nbsp;<\/p>\n<p>&nbsp;<\/p>\n<p>El Senado volver\u00e1 a la actividad este jueves con una doble sesi\u00f3n. Una ser\u00e1 la Preparatoria en la que ratificar\u00e1 las autoridades de la C\u00e1mara alta para este a\u00f1o. La otra abordar\u00eda dos de los temas incluidos por el Poder Ejecutivo para el periodo de sesiones extraordinarias que culmina el 28 de febrero y que ya cuenta con dict\u00e1menes de comisi\u00f3n: la ley de Alcohol Cero y la Ley Lucio. Aunque el interbloque de Juntos por el Cambio asistir\u00e1 a la Preparatoria para respaldar la continuidad de sus senadores en puestos clave del Senado, persistir\u00e1 en su postura de no ir al recinto mientras el oficialismo contin\u00fae con el juicio pol\u00edtico a los integrantes de la Corte Suprema de Justicia de la Naci\u00f3n (CSJN) y no asistir\u00e1 a la segunda parte de la convocatoria. Por esa raz\u00f3n, el Frente de Todos deber\u00e1 garantizar qu\u00f3rum para darle media sanci\u00f3n a ambos proyectos.<\/p>\n<p>Ser\u00e1 la primera convocatoria del Senado durante el extenso periodo de extraordinarias, que estuvo signado por el inicio del juicio pol\u00edtico a los integrantes de la CSJN en Diputados y el bloqueo para sesionar impuesto por la Mesa Nacional de JxC mientras el oficialismo avance en la propuesta que busca la destituci\u00f3n de los supremos impulsada desde la Casa Rosada y los gobernadores peronistas tras los fallos \u201carbitrarios\u201d y la intromisi\u00f3n del Poder Judicial en otros poderes del Estado.<\/p>\n<p>La vuelta al recinto tambi\u00e9n podr\u00eda estar acompa\u00f1ada del regreso de la vicepresidenta Cristina Fern\u00e1ndez de Kirchner a presidir una sesi\u00f3n, tras el fallido atentado contra su vida el 1\u00b0 de septiembre del a\u00f1o pasado. Aunque la presencia de CFK \u2013en medio de un operativo clamor de gran parte de la coalici\u00f3n de Gobierno para que revierta su decisi\u00f3n de no presentarse como candidata en estas elecciones presidenciales&#8211; a\u00fan no fue confirmada.<\/p>\n<p>Pese a que todav\u00eda no existe convocatoria oficial, todo est\u00e1 previsto para el arranque del jueves 23 de febrero. La C\u00e1mara alta comenzar\u00e1 el d\u00eda con la sesi\u00f3n preparatoria \u2013con la presencia de todas las fuerzas parlamentarias&#8211;, en la que ser\u00e1n reelegidas las actuales autoridades del Senado que preside CFK. Claudia Ledesma Abdala (Frente C\u00edvico de Santiago del Estero) continuar\u00e1 como presidenta provisional; Carolina Losada (UCR) lo har\u00e1 como vicepresidenta; Maurice Closs (del misionero Frente Renovador de la Concordia) renovar\u00e1 como vicepresidente primero y Guadalupe Tagliaferri (PRO) como vice segunda.<\/p>\n<p>Lo mismo suceder\u00eda con quienes est\u00e1n a cargo de las secretar\u00edas de la C\u00e1mara alta: Mar\u00eda Luz Alonso (Secretaria Administrativa); Marcelo Fuentes (Secretario Parlamentario); Mariano Cabral (Prosecretario Administrativo); Juan Pedro Tunessi (Prosecretario Parlamentario); y Diego Berm\u00fadez Bringue (Prosecretario de Coordinaci\u00f3n Operativa).<\/p>\n<p>Distinto ser\u00e1 el escenario para la segunda convocatoria del d\u00eda. El oficialismo propondr\u00eda sesionar para avanzar con dos proyectos incluidos en la convocatoria a extraordinarias, que cuentan con dict\u00e1menes de comisi\u00f3n y un amplio consenso de las distintas bancadas partidarias.<\/p>\n<p>Uno ser\u00e1 la ley de Alcohol Cero, que obtuvo dictamen favorable el 1\u00b0 de diciembre pero que hasta ahora no hab\u00eda llegado al recinto. El proyecto modifica el art\u00edculo 48 de la Ley 24.449 reduciendo de 0,5 gramos a 0 el grado de alcohol en sangre permitido a los conductores de veh\u00edculos y los familiares de v\u00edctimas en accidentes de tr\u00e1nsito hab\u00edan pedido a los senadores apurar el tratamiento antes de las fiestas de fin de a\u00f1o.<\/p>\n<p>El otro ser\u00e1 el proyecto de ley sobre capacitaci\u00f3n obligatoria de derechos de ni\u00f1as, ni\u00f1os y adolescentes, inspirado en el caso de Lucio Dupuy. Una iniciativa que tambi\u00e9n hab\u00eda obtenido dictamen favorable el 29 de noviembre, en un plenario de las comisiones de Legislaci\u00f3n General, Educaci\u00f3n y Cultura, y Poblaci\u00f3n y Desarrollo Humano.<\/p>\n<p>Para ello, el FdT tendr\u00e1 que cargar con el peso de garantizar la presencia de propios y aliados y conseguir el ajustado qu\u00f3rum con que cuenta en la C\u00e1mara alta. Mientras que JxC insistir\u00e1 en su postura de no acudir al recinto y bloquear toda posibilidad de sesionar, alineados en la defensa ac\u00e9rrima de los jueces de la Corte Suprema.<\/p>\n<p>Aunque el bloqueo de la bancada macrista ha dado resultados, especialmente en Diputados donde el oficialismo no tiene qu\u00f3rum propio, desde el propio interbloque opositor prometen \u201cflexibilizar\u201d su postura cuando comience el periodo de sesiones ordinarias previsto para el 1\u00b0 de marzo y debido a las cr\u00edticas de distintos sectores de la sociedad por paralizar el Congreso.<\/p>\n","protected":false},"excerpt":{"rendered":"<p>La C\u00e1mara Alta se prepara para ratificar a sus actuales autoridades para el nuevo periodo legislativo mientras contin\u00faa la puja entre las principales bancadas. Sin asistencia de JxC para la segunda parte del d\u00eda, el oficialismo debe garantizarse el qu\u00f3rum para tratar Alcohol Cero y la Ley Lucio &nbsp; &nbsp; El Senado volver\u00e1 a la actividad este jueves con una doble sesi\u00f3n. Una ser\u00e1 la Preparatoria en la que ratificar\u00e1 las autoridades de la C\u00e1mara alta para este a\u00f1o. La otra abordar\u00eda dos de los temas incluidos por el Poder&#8230;<\/p>\n","protected":false},"author":3,"featured_media":94970,"comment_status":"closed","ping_status":"closed","sticky":false,"template":"","format":"standard","meta":[],"categories":[18],"tags":[],"_links":{"self":[{"href":"https:\/\/www.actualidadadiario.com\/index.php\/wp-json\/wp\/v2\/posts\/98032"}],"collection":[{"href":"https:\/\/www.actualidadadiario.com\/index.php\/wp-json\/wp\/v2\/posts"}],"about":[{"href":"https:\/\/www.actualidadadiario.com\/index.php\/wp-json\/wp\/v2\/types\/post"}],"author":[{"embeddable":true,"href":"https:\/\/www.actualidadadiario.com\/index.php\/wp-json\/wp\/v2\/users\/3"}],"replies":[{"embeddable":true,"href":"https:\/\/www.actualidadadiario.com\/index.php\/wp-json\/wp\/v2\/comments?post=98032"}],"version-history":[{"count":1,"href":"https:\/\/www.actualidadadiario.com\/index.php\/wp-json\/wp\/v2\/posts\/98032\/revisions"}],"predecessor-version":[{"id":98033,"href":"https:\/\/www.actualidadadiario.com\/index.php\/wp-json\/wp\/v2\/posts\/98032\/revisions\/98033"}],"wp:featuredmedia":[{"embeddable":true,"href":"https:\/\/www.actualidadadiario.com\/index.php\/wp-json\/wp\/v2\/media\/94970"}],"wp:attachment":[{"href":"https:\/\/www.actualidadadiario.com\/index.php\/wp-json\/wp\/v2\/media?parent=98032"}],"wp:term":[{"taxonomy":"category","embeddable":true,"href":"https:\/\/www.actualidadadiario.com\/index.php\/wp-json\/wp\/v2\/categories?post=98032"},{"taxonomy":"post_tag","embeddable":true,"href":"https:\/\/www.actualidadadiario.com\/index.php\/wp-json\/wp\/v2\/tags?post=98032"}],"curies":[{"name":"wp","href":"https:\/\/api.w.org\/{rel}","templated":true}]}}