{"id":98029,"date":"2023-02-22T13:56:22","date_gmt":"2023-02-22T16:56:22","guid":{"rendered":"https:\/\/www.actualidadadiario.com\/?p=98029"},"modified":"2023-02-22T13:56:22","modified_gmt":"2023-02-22T16:56:22","slug":"elecciones-2023-larreta-lanza-su-candidatura-presidencial","status":"publish","type":"post","link":"https:\/\/www.actualidadadiario.com\/index.php\/2023\/02\/22\/elecciones-2023-larreta-lanza-su-candidatura-presidencial\/","title":{"rendered":"Elecciones 2023: Larreta lanza su candidatura presidencial"},"content":{"rendered":"<p style=\"text-align: center;\"><em><strong>El jefe de Gobierno porte\u00f1o oficializar\u00e1 con un video su aspiraci\u00f3n a ser el precandidato a presidente del PRO, dentro de una interna peleada con Bullrich y Vidal. Dentro de Juntos por el Cambio, la UCR y la Coalici\u00f3n C\u00edvica tambi\u00e9n tiene a los postulantes<\/strong><\/em><\/p>\n<p>&nbsp;<\/p>\n<p>&nbsp;<\/p>\n<p>&nbsp;<\/p>\n<p>El jefe de Gobierno porte\u00f1o, Horacio Rodr\u00edguez Larreta, har\u00e1 oficial su precandidatura a la Presidencia a trav\u00e9s de un video que se publicar\u00e1 en sus redes sociales, en el que intentar\u00e1 mostrar un &#8220;fuerte respaldo federal&#8221;, mientras que los otros sectores del PRO expresaron sus resquemores ante lo que consideran un lanzamiento &#8220;inconsulto&#8221;.<\/p>\n<p>El lanzamiento de la postulaci\u00f3n ser\u00e1 por medio de un video con un discurso grabado, que realizar\u00e1 justo una semana antes de su \u00faltima visita a la Legislatura local, el 1\u00ba de marzo, para inaugurar el per\u00edodo de sesiones ordinarias, ya que en diciembre finalizar\u00e1 su segundo mandato en la Ciudad de Buenos Aires.<\/p>\n<p>&#8220;Va a haber mucho apoyo de dirigentes de todo el pa\u00eds, como ocurri\u00f3 en diciembre pasado&#8221;, anticip\u00f3 un integrante del equipo de asesores del alcalde, en alusi\u00f3n al acto que encabez\u00f3 Larreta al cierre del 2022 en el predio de Costa Salguero, cuando recibi\u00f3 la adhesi\u00f3n de unos 3000 dirigentes del PRO de distintas provincias.<\/p>\n<p>El discurso en el que trabajan en la mesa pol\u00edtica de la jefatura de CABA apuntar\u00e1 a un mensaje en clave electoral sin dejar de lado la gesti\u00f3n que todav\u00eda conduce en la Ciudad, as\u00ed como tambi\u00e9n se referir\u00e1 al litigio que mantiene con la Naci\u00f3n por el redireccionamiento de los fondos de la coparticipaci\u00f3n federal dirigidos al distrito porte\u00f1o que Mauricio Macri ampli\u00f3 en 2016.<\/p>\n<p>&nbsp;<\/p>\n<p><strong>Interna del PRO: Un anuncio cantado, pero &#8220;inconsulto&#8221;<\/strong><\/p>\n<p>Si bien el nombre del jefe de Gobierno porte\u00f1o ya sonaba entre las filas Juntos por el Cambio, la interna se vuelve m\u00e1s dura dentro del PRO, debido a que su ambici\u00f3n presidencial choca con las aspiraciones de la actual jefa del PRO, Patricia Bullrich, y de la ex gobernadora de la Provincia de Buenos Aires Mar\u00eda Eugenia Vidal.<\/p>\n<p>Dentro de JxC, otros partidos que integran la coalici\u00f3n tienen sus propios representantes a competir por ser el candidato Presidencial de la principal fuerza opositora: el gobernador de Jujuy, Gerardo Morales, est\u00e1 interesado en ocupar ese puesto por la UCR y Elisa &#8220;Lilita&#8221; Carri\u00f3 busca lo mismo por la Coalici\u00f3n C\u00edvica.<\/p>\n<p>A\u00fan queda tiempo hasta mayo para negociar y decidir si todos los aspirantes competir\u00e1n en las PASO de agosto o si se reacomodar\u00e1n de otra manera.<\/p>\n<p>En la previa a la presentaci\u00f3n, Larreta y Bullrich mantuvieron un nuevo cruce; esta vez por la implementaci\u00f3n de las pistolas Taser en la ciudad de Buenos Aires, tras el caso de la oficial asesinada en la l\u00ednea C del Subte.<\/p>\n<p>El jefe de Gabinete porte\u00f1o, Felipe Miguel, afirm\u00f3 ayer que el uso de las pistolas Taser &#8220;no es un tema de decidir usarlas&#8221; sino que requieren de &#8220;la autorizaci\u00f3n&#8221; del Gobierno nacional, en respuesta a los dichos de la presidenta del PRO, quien hab\u00eda advertido en las \u00faltimas horas a Rodr\u00edguez Larreta que &#8220;tome la decisi\u00f3n&#8221; de implementarlas.<\/p>\n<p>En tanto, Vidal tambi\u00e9n eligi\u00f3 este mi\u00e9rcoles para inaugurar, junto a Mauricio Macri, sus nuevas oficinas en el barrio porte\u00f1o de Retiro, donde establecer\u00e1 su b\u00fanker de campa\u00f1a.<\/p>\n<p>Por su parte, Diego Santilli \u2014quien fue el vicejefe de Gobierno porte\u00f1o de Larreta durante seis a\u00f1os\u2014 tambi\u00e9n eligi\u00f3 la virtualidad y public\u00f3 un video para anunciar su precandidatura a gobernador bonaerense, que consisti\u00f3 en una publicaci\u00f3n en redes con el hashtag #FaltaMenos, mediante el que dio a conocer algunas consignas de campa\u00f1a.<\/p>\n","protected":false},"excerpt":{"rendered":"<p>El jefe de Gobierno porte\u00f1o oficializar\u00e1 con un video su aspiraci\u00f3n a ser el precandidato a presidente del PRO, dentro de una interna peleada con Bullrich y Vidal. Dentro de Juntos por el Cambio, la UCR y la Coalici\u00f3n C\u00edvica tambi\u00e9n tiene a los postulantes &nbsp; &nbsp; &nbsp; El jefe de Gobierno porte\u00f1o, Horacio Rodr\u00edguez Larreta, har\u00e1 oficial su precandidatura a la Presidencia a trav\u00e9s de un video que se publicar\u00e1 en sus redes sociales, en el que intentar\u00e1 mostrar un &#8220;fuerte respaldo federal&#8221;, mientras que los otros sectores del&#8230;<\/p>\n","protected":false},"author":3,"featured_media":98030,"comment_status":"closed","ping_status":"closed","sticky":false,"template":"","format":"standard","meta":[],"categories":[18],"tags":[],"_links":{"self":[{"href":"https:\/\/www.actualidadadiario.com\/index.php\/wp-json\/wp\/v2\/posts\/98029"}],"collection":[{"href":"https:\/\/www.actualidadadiario.com\/index.php\/wp-json\/wp\/v2\/posts"}],"about":[{"href":"https:\/\/www.actualidadadiario.com\/index.php\/wp-json\/wp\/v2\/types\/post"}],"author":[{"embeddable":true,"href":"https:\/\/www.actualidadadiario.com\/index.php\/wp-json\/wp\/v2\/users\/3"}],"replies":[{"embeddable":true,"href":"https:\/\/www.actualidadadiario.com\/index.php\/wp-json\/wp\/v2\/comments?post=98029"}],"version-history":[{"count":1,"href":"https:\/\/www.actualidadadiario.com\/index.php\/wp-json\/wp\/v2\/posts\/98029\/revisions"}],"predecessor-version":[{"id":98031,"href":"https:\/\/www.actualidadadiario.com\/index.php\/wp-json\/wp\/v2\/posts\/98029\/revisions\/98031"}],"wp:featuredmedia":[{"embeddable":true,"href":"https:\/\/www.actualidadadiario.com\/index.php\/wp-json\/wp\/v2\/media\/98030"}],"wp:attachment":[{"href":"https:\/\/www.actualidadadiario.com\/index.php\/wp-json\/wp\/v2\/media?parent=98029"}],"wp:term":[{"taxonomy":"category","embeddable":true,"href":"https:\/\/www.actualidadadiario.com\/index.php\/wp-json\/wp\/v2\/categories?post=98029"},{"taxonomy":"post_tag","embeddable":true,"href":"https:\/\/www.actualidadadiario.com\/index.php\/wp-json\/wp\/v2\/tags?post=98029"}],"curies":[{"name":"wp","href":"https:\/\/api.w.org\/{rel}","templated":true}]}}