{"id":98027,"date":"2023-02-22T13:55:39","date_gmt":"2023-02-22T16:55:39","guid":{"rendered":"https:\/\/www.actualidadadiario.com\/?p=98027"},"modified":"2023-02-22T13:55:39","modified_gmt":"2023-02-22T16:55:39","slug":"juicio-politico-a-la-corte-que-jueces-declaran-primero-como-testigos-y-que-les-preguntaran","status":"publish","type":"post","link":"https:\/\/www.actualidadadiario.com\/index.php\/2023\/02\/22\/juicio-politico-a-la-corte-que-jueces-declaran-primero-como-testigos-y-que-les-preguntaran\/","title":{"rendered":"Juicio pol\u00edtico a la Corte: qu\u00e9 jueces declaran primero como testigos y qu\u00e9 les preguntar\u00e1n"},"content":{"rendered":"<p style=\"text-align: center;\"><em><strong>Este jueves comienza la etapa de investigaci\u00f3n contra los integrantes del m\u00e1ximo Tribunal y brindar\u00e1n sus testimonios diferentes funcionarios de la Corte y los jueces federales Sebasti\u00e1n Ramos y Alejo Ramos Padilla, que tuvieron a su cargo dos causas iniciadas por la disputa de Coparticipaci\u00f3n<\/strong><\/em><\/p>\n<p>&nbsp;<\/p>\n<p>&nbsp;<\/p>\n<p>La comisi\u00f3n de Juicio Pol\u00edtico del Congreso empieza este jueves la etapa de investigaci\u00f3n contra los integrantes de la Corte Suprema de Justicia de la Naci\u00f3n y los jueces federales Sebasti\u00e1n Ramos y Alejo Ramos Padilla abrir\u00e1n la ronda de testimonios. Adem\u00e1s fueron citados otros funcionarios de la Corte.<\/p>\n<p>Ramos y Padilla tuvieron a su cargo las causas de los chats de Telegram que mantuvieron Silvio Robles, vocero y principal colaborador de Rosatti, y Marcelo D\u2019Alessandro, ministro de Justicia y Seguridad porte\u00f1o en uso de licencia, en la previa al fallo de Coparticipaci\u00f3n que termin\u00f3 beneficiando a la Ciudad.<\/p>\n<p>Por lo que ambos magistrados ser\u00e1n cuestionados sobre sus decisiones en dos causas iniciadas por la disputa entre el jefe de Gobierno porte\u00f1o, Horacio Rodr\u00edguez Larreta, y Naci\u00f3n. Sebasti\u00e1n Ramos archiv\u00f3 la primera de las denuncias contra el ministro de Seguridad porte\u00f1o y Ramos Padilla envi\u00f3 a Comodoro Py la denuncia que inici\u00f3 el gobernador Axel Kicillof.<\/p>\n<p>Para el Frente de Todos \u201chay una indefinici\u00f3n\u201d judicial sobre el tema de los chats de Lago Escondido y la comunicaci\u00f3n filtrada. \u201cLes vamos a preguntar por el tr\u00e1mite de los expedientes\u201d, adelant\u00f3 el legislador oficialista Rodolfo Tailhade en Diputados TV.<\/p>\n<p>\u201cSebasti\u00e1n Ramos dijo que estos chats eran ilegales y cerr\u00f3 la causa. Pero Alejo Ramos Padilla opin\u00f3 lo contrario y se\u00f1al\u00f3 una serie de irregularidades en el tr\u00e1mite de la causa\u201d, grafic\u00f3 Tailhade las diferencias judiciales.<\/p>\n<p>Sobre el resto de los funcionarios citados a la comisi\u00f3n, el legislador sostuvo: \u201cSon de la Corte y de jerarqu\u00eda a quienes le vamos a preguntar por el tr\u00e1mite de los expedientes relacionados a los hechos que se imputan, como por ejemplo el del Consejo de la Magistratura. Es importante conocer c\u00f3mo se fue construyendo el fallo y si tuvieron intervenci\u00f3n\u201d.<\/p>\n<p>Entre los citados se encuentran Cristian Abritta, el extitular de la Secretar\u00eda Judicial N\u00b05 que actualmente no existe en el organigrama de la Corte Suprema; el subdirector de Gesti\u00f3n Interna y Habilitaci\u00f3n, dependiente de la Secretar\u00eda General de Administraci\u00f3n, Sergio Rub\u00e9n Romero; el de la Secretar\u00eda Judicial N\u00b02 Previsional,\u00a0 Silenio R\u00f3mulo C\u00e1rdenas Ponce Ruiz; y Alejandro Daniel Rodr\u00edguez, de la Secretar\u00eda de Juicios Originarios.<\/p>\n<p>Asimismo, de la vocal\u00eda de Horacio Rosatti ser\u00e1n llamados Roberto Miguel \u00c1ngel Saggese y Adriana Norma Valinotti; mientras que, a propuesta de la diputada de la CC-ARI Paula Oliveto, se convocar\u00e1 a Mario Cimadevilla, exsenador y exintegrante del Consejo de la Magistratura.<\/p>\n<p>Todos los testigos citados est\u00e1n obligados a asistir, incluso los que tienen cargos p\u00fablicos como los jueces federales, y en caso de no hacerlo, el oficialismo ya anticip\u00f3 que tiene potestad de hacerlo por la fuerza p\u00fablica. \u00abEl que no quiere venir, vendr\u00e1 por la fuerza p\u00fablica, ya hubo dos antecedentes de esto\u00bb, dijo Tailhade.<\/p>\n<p>Para la siguiente audiencia de la comisi\u00f3n, el jueves 2 de marzo, fue citado a pedido de Tailhade el juez Juan Bautista Mahiques, involucrado en el viaje a Lago Escondido, que concurrir\u00e1 para dar testimonio sobre lo sucedido en su \u00faltimo cumplea\u00f1os al que habr\u00edan concurrido juntos D\u2019Alessandro y Robles, frente a la filtraci\u00f3n de videos de esa reuni\u00f3n.<\/p>\n<p>La comisi\u00f3n aprob\u00f3 por mayor\u00eda la admisibilidad de 14 pedidos de juicio pol\u00edtico, que re\u00fanen denuncias sobre 60 hechos, contra los jueces Horacio Rosatti, Carlos Rosenkrantz, Juan Carlos Maqueda y Ricardo Lorenzetti.<\/p>\n","protected":false},"excerpt":{"rendered":"<p>Este jueves comienza la etapa de investigaci\u00f3n contra los integrantes del m\u00e1ximo Tribunal y brindar\u00e1n sus testimonios diferentes funcionarios de la Corte y los jueces federales Sebasti\u00e1n Ramos y Alejo Ramos Padilla, que tuvieron a su cargo dos causas iniciadas por la disputa de Coparticipaci\u00f3n &nbsp; &nbsp; La comisi\u00f3n de Juicio Pol\u00edtico del Congreso empieza este jueves la etapa de investigaci\u00f3n contra los integrantes de la Corte Suprema de Justicia de la Naci\u00f3n y los jueces federales Sebasti\u00e1n Ramos y Alejo Ramos Padilla abrir\u00e1n la ronda de testimonios. Adem\u00e1s fueron&#8230;<\/p>\n","protected":false},"author":3,"featured_media":97851,"comment_status":"closed","ping_status":"closed","sticky":false,"template":"","format":"standard","meta":[],"categories":[9],"tags":[],"_links":{"self":[{"href":"https:\/\/www.actualidadadiario.com\/index.php\/wp-json\/wp\/v2\/posts\/98027"}],"collection":[{"href":"https:\/\/www.actualidadadiario.com\/index.php\/wp-json\/wp\/v2\/posts"}],"about":[{"href":"https:\/\/www.actualidadadiario.com\/index.php\/wp-json\/wp\/v2\/types\/post"}],"author":[{"embeddable":true,"href":"https:\/\/www.actualidadadiario.com\/index.php\/wp-json\/wp\/v2\/users\/3"}],"replies":[{"embeddable":true,"href":"https:\/\/www.actualidadadiario.com\/index.php\/wp-json\/wp\/v2\/comments?post=98027"}],"version-history":[{"count":1,"href":"https:\/\/www.actualidadadiario.com\/index.php\/wp-json\/wp\/v2\/posts\/98027\/revisions"}],"predecessor-version":[{"id":98028,"href":"https:\/\/www.actualidadadiario.com\/index.php\/wp-json\/wp\/v2\/posts\/98027\/revisions\/98028"}],"wp:featuredmedia":[{"embeddable":true,"href":"https:\/\/www.actualidadadiario.com\/index.php\/wp-json\/wp\/v2\/media\/97851"}],"wp:attachment":[{"href":"https:\/\/www.actualidadadiario.com\/index.php\/wp-json\/wp\/v2\/media?parent=98027"}],"wp:term":[{"taxonomy":"category","embeddable":true,"href":"https:\/\/www.actualidadadiario.com\/index.php\/wp-json\/wp\/v2\/categories?post=98027"},{"taxonomy":"post_tag","embeddable":true,"href":"https:\/\/www.actualidadadiario.com\/index.php\/wp-json\/wp\/v2\/tags?post=98027"}],"curies":[{"name":"wp","href":"https:\/\/api.w.org\/{rel}","templated":true}]}}