{"id":98022,"date":"2023-02-22T13:54:17","date_gmt":"2023-02-22T16:54:17","guid":{"rendered":"https:\/\/www.actualidadadiario.com\/?p=98022"},"modified":"2023-02-22T13:54:17","modified_gmt":"2023-02-22T16:54:17","slug":"daniel-scioli-admitio-que-ira-por-la-precandidatura-a-presidente-cuentan-conmigo","status":"publish","type":"post","link":"https:\/\/www.actualidadadiario.com\/index.php\/2023\/02\/22\/daniel-scioli-admitio-que-ira-por-la-precandidatura-a-presidente-cuentan-conmigo\/","title":{"rendered":"Daniel Scioli admiti\u00f3 que ir\u00e1 por la precandidatura a presidente: \u00abCuentan conmigo\u00bb"},"content":{"rendered":"<p style=\"text-align: center;\"><em><strong>A pocos meses de las PASO, Daniel Scioli reconoci\u00f3 que tiene intenciones de aspirar a ser presidente de la Argentina<\/strong><\/em><\/p>\n<p>&nbsp;<\/p>\n<p>&nbsp;<\/p>\n<p>A mediados de febrero, el presidente de la Naci\u00f3n, Alberto Fern\u00e1ndez, convoc\u00f3 a una mesa del Frente de Todos para definir la estrategia electoral del partido. Sin embargo, no definieron los precandidatos del espacio que tiene muchas internas entre peronismo y kirchnerismo, lo que hace que pueda haber entre dos y tres listas para las PASO, en las cuales buscar\u00e1 competir Daniel Scioli.<\/p>\n<p>El exgobernador de la Provincia de Buenos Aires reconoci\u00f3 que est\u00e1 con aspiraciones al m\u00e1ximo cargo a nivel nacional. \u00abEscribo estas l\u00edneas porque siento la necesidad de responder a todos los mensajes que llegan por las redes sociales preguntando por mis planes para este a\u00f1o. Creo conveniente elegir el mismo canal que ustedes utilizaron para continuar el di\u00e1logo acerca de una pasi\u00f3n compartida: el futuro de nuestra Argentina. Una vez m\u00e1s les digo: cuentan conmigo. Como siempre\u00ab, afirm\u00f3.<\/p>\n<p>\u00abHoy me siento con fuerza y energ\u00eda para trabajar a\u00fan m\u00e1s por mi pa\u00eds, por el sue\u00f1o de una gran Argentina que fue el que inspir\u00f3 mi vida deportiva y cada una de las responsabilidades para las que me eligieron por el voto popular. Siempre me compromet\u00ed. Nunca fui indiferente. No lo ser\u00e9 ahora, en la madurez de mi vida y con la experiencia a favor. La lealtad seguir\u00e1 siendo mi hoja de ruta\u00bb, agreg\u00f3 Daniel Scioli.<\/p>\n<p>El embajador argentino en Brasil, resalt\u00f3 que en su gesti\u00f3n le toc\u00f3 representar al pa\u00eds \u00abante una de las econom\u00edas m\u00e1s pujantes del mundo y trabajar para facilitar la integraci\u00f3n, reafirm\u00f3 mis convicciones sobre nuestro potencial productivo, la capacidad creativa de nuestra juventud, la solidez de nuestros profesionales y la creciente puesta en valor del atractivo tur\u00edstico de la Argentina\u00bb, indic\u00f3.<\/p>\n<p>&nbsp;<\/p>\n<p><strong>Daniel Scioli marc\u00f3 el futuro del Frente de Todos<\/strong><\/p>\n<p>Continuando con su escrito, el dirigente ligado al kirchnerismo destac\u00f3 que \u00abquienes abrazamos este proyecto, reconocemos el esfuerzo de Alberto por mantener la unidad con un alto sentido de la responsabilidad y afrontar acontecimientos impredecibles como la pandemia y la guerra. Aun as\u00ed, la Argentina est\u00e1 de pie y se proyecta a un futuro de prosperidad y grandeza\u00ab.<\/p>\n<p>\u00abCreo en la necesidad de dar los debates de frente, con respeto y firmeza. Como lo hice aportando mi visi\u00f3n en 2015. No me equivoqu\u00e9 en los pron\u00f3sticos ni en las formas. El tiempo result\u00f3 ser, una vez m\u00e1s, un gran ordenador y reivindicador. Prioric\u00e9 dar certidumbres a plantear slogans vac\u00edos. Mi esencia es conciliar, descomprimir y lograr acuerdos que hagan posible consolidar un crecimiento con estabilidad e inclusi\u00f3n social, con previsibilidad y confianza\u00ab, subray\u00f3, seg\u00fan NA.<\/p>\n<p>Por \u00faltimo, Daniel Scioli explic\u00f3 que \u00abla mitad del pa\u00eds tiene menos de treinta a\u00f1os y exige una visi\u00f3n de futuro, que es en definitiva lo que nos une. La otra mitad, demanda un presente que recompense sus esfuerzos. Ac\u00e1 estoy. Soy el Daniel de siempre, con m\u00e1s fe y esperanza que nunca. Cuentan conmigo. Yo cuento con ustedes\u00ab.<\/p>\n","protected":false},"excerpt":{"rendered":"<p>A pocos meses de las PASO, Daniel Scioli reconoci\u00f3 que tiene intenciones de aspirar a ser presidente de la Argentina &nbsp; &nbsp; A mediados de febrero, el presidente de la Naci\u00f3n, Alberto Fern\u00e1ndez, convoc\u00f3 a una mesa del Frente de Todos para definir la estrategia electoral del partido. Sin embargo, no definieron los precandidatos del espacio que tiene muchas internas entre peronismo y kirchnerismo, lo que hace que pueda haber entre dos y tres listas para las PASO, en las cuales buscar\u00e1 competir Daniel Scioli. El exgobernador de la Provincia&#8230;<\/p>\n","protected":false},"author":3,"featured_media":98023,"comment_status":"closed","ping_status":"closed","sticky":false,"template":"","format":"standard","meta":[],"categories":[18],"tags":[],"_links":{"self":[{"href":"https:\/\/www.actualidadadiario.com\/index.php\/wp-json\/wp\/v2\/posts\/98022"}],"collection":[{"href":"https:\/\/www.actualidadadiario.com\/index.php\/wp-json\/wp\/v2\/posts"}],"about":[{"href":"https:\/\/www.actualidadadiario.com\/index.php\/wp-json\/wp\/v2\/types\/post"}],"author":[{"embeddable":true,"href":"https:\/\/www.actualidadadiario.com\/index.php\/wp-json\/wp\/v2\/users\/3"}],"replies":[{"embeddable":true,"href":"https:\/\/www.actualidadadiario.com\/index.php\/wp-json\/wp\/v2\/comments?post=98022"}],"version-history":[{"count":1,"href":"https:\/\/www.actualidadadiario.com\/index.php\/wp-json\/wp\/v2\/posts\/98022\/revisions"}],"predecessor-version":[{"id":98024,"href":"https:\/\/www.actualidadadiario.com\/index.php\/wp-json\/wp\/v2\/posts\/98022\/revisions\/98024"}],"wp:featuredmedia":[{"embeddable":true,"href":"https:\/\/www.actualidadadiario.com\/index.php\/wp-json\/wp\/v2\/media\/98023"}],"wp:attachment":[{"href":"https:\/\/www.actualidadadiario.com\/index.php\/wp-json\/wp\/v2\/media?parent=98022"}],"wp:term":[{"taxonomy":"category","embeddable":true,"href":"https:\/\/www.actualidadadiario.com\/index.php\/wp-json\/wp\/v2\/categories?post=98022"},{"taxonomy":"post_tag","embeddable":true,"href":"https:\/\/www.actualidadadiario.com\/index.php\/wp-json\/wp\/v2\/tags?post=98022"}],"curies":[{"name":"wp","href":"https:\/\/api.w.org\/{rel}","templated":true}]}}