{"id":98014,"date":"2023-02-22T13:44:28","date_gmt":"2023-02-22T16:44:28","guid":{"rendered":"https:\/\/www.actualidadadiario.com\/?p=98014"},"modified":"2023-02-22T13:44:28","modified_gmt":"2023-02-22T16:44:28","slug":"se-termino-el-carnaval-cuando-cae-el-proximo-fin-de-semana-largo","status":"publish","type":"post","link":"https:\/\/www.actualidadadiario.com\/index.php\/2023\/02\/22\/se-termino-el-carnaval-cuando-cae-el-proximo-fin-de-semana-largo\/","title":{"rendered":"Se termin\u00f3 el Carnaval: cu\u00e1ndo cae el pr\u00f3ximo fin de semana largo"},"content":{"rendered":"<p style=\"text-align: center;\"><em><strong>Al finalizar con el feriado XXL comienzan las preguntas sobre los pr\u00f3ximos d\u00edas de descanso, ya con el ciclo lectivo iniciado<\/strong><\/em><\/p>\n<p>&nbsp;<\/p>\n<p>&nbsp;<\/p>\n<p>Al concluir el primer fin de semana extra largo de 2023 comienzan las preguntas acerca de cu\u00e1ndo cae el pr\u00f3ximo. El decreto presidencial para el calendario de este a\u00f1o prev\u00e9 14 feriados inamovibles, 2 trasladables y 3 con fines tur\u00edsticos, sumando un total de 19 d\u00edas de descanso.<\/p>\n<p>Despu\u00e9s del primer feriado inamovible del a\u00f1o, el 1\u00b0 de enero, los siguientes fueron los del lunes 20 y hoy martes 21, los llamados feriados de Carnaval.<\/p>\n<p>&nbsp;<\/p>\n<p><strong>El pr\u00f3ximo fin de semana largo<\/strong><\/p>\n<p>Antes de los d\u00edas feriados por Semana Santa hay dos: el del viernes 24 de marzo, por el D\u00eda Nacional de la Memoria por la Verdad y la Justicia, y el domingo 2 de abril, por el D\u00eda del Veterano y los Ca\u00eddos en la guerra de Malvinas. Ambos son inamovibles.<\/p>\n<p>En el primer caso se tratar\u00eda del primer fin de semana extra large con el ciclo lectivo ya iniciado y los chicos en las escuelas.<\/p>\n<p>Ya los pr\u00f3ximos d\u00edas de descanso ser\u00e1n en Semana Santa: el jueves 6 de abril ser\u00e1 d\u00eda no laborable y el d\u00eda 7, Viernes Santo, ser\u00e1 feriado.<\/p>\n<p>&nbsp;<\/p>\n<p><strong>Diferencia entre feriados y d\u00edas no laborables<\/strong><\/p>\n<p>La diferencia entre ambos t\u00e9rminos se aclara en la Ley de Contratos de Trabajo. Para los feriados nacionales rigen las mismas consideraciones que para el descanso dominical: en caso de ser trabajado ese d\u00eda se recompensar\u00e1 con un 100% m\u00e1s la remuneraci\u00f3n habitual.<\/p>\n<p>En cambio, para los d\u00edas no laborables, no se pagar\u00e1 el doble de la jornada al que lo trabaje y es el empleador quien debe definir si los trabajadores asistir\u00e1n o no a sus puestos.<\/p>\n<p>&nbsp;<\/p>\n<p><strong>Feriados inamovibles de 2023<\/strong><\/p>\n<p>Entre los feriados inamovibles est\u00e1n:<\/p>\n<ul>\n<li>1\u00b0 de enero (A\u00f1o Nuevo),<\/li>\n<li>20 y 21 de febrero (Carnaval),<\/li>\n<li>24 de marzo (D\u00eda Nacional de la Memoria por la Verdad y la Justicia),<\/li>\n<li>2 de abril (D\u00eda del Veterano y de los Ca\u00eddos en la Guerra de Malvinas),<\/li>\n<li>7 de abril (Viernes Santo),<\/li>\n<li>1\u00b0 de mayo (D\u00eda del Trabajador),<\/li>\n<li>25 de mayo (D\u00eda de la Revoluci\u00f3n de Mayo),<\/li>\n<li>17 de junio (Paso a la Inmortalidad del General Don Mart\u00edn Miguel de G\u00fcemes),<\/li>\n<li>20 de junio (Paso a la Inmortalidad del General Manuel Belgrano),<\/li>\n<li>9 de julio (D\u00eda de la Independencia),<\/li>\n<li>20 de noviembre (D\u00eda de la Soberan\u00eda Nacional),<\/li>\n<li>8 de diciembre (D\u00eda de la Inmaculada Concepci\u00f3n de Mar\u00eda)<\/li>\n<li>25 de diciembre (Navidad).<\/li>\n<\/ul>\n<p>&nbsp;<\/p>\n<p><strong>Feriados trasladables<\/strong><\/p>\n<p>En tanto, entre los feriados trasladables se encontrar\u00e1n:<\/p>\n<ul>\n<li>el 17 de agosto (Paso a la Inmortalidad del General Jos\u00e9 de San Mart\u00edn), que se celebrar\u00e1 el lunes 21 de agosto;<\/li>\n<li>el 12 de octubre (D\u00eda del Respeto a la Diversidad Cultural), que se correr\u00e1 para el lunes 16 de octubre.<\/li>\n<\/ul>\n<p>&nbsp;<\/p>\n<p><strong>Feriados con fines tur\u00edsticos<\/strong><\/p>\n<p>En cuanto a los feriados con fines tur\u00edsticos, el decreto establecer\u00e1 como fechas:<\/p>\n<ul>\n<li>el viernes 26 de mayo (puente con el feriado del jueves 25 de mayo, D\u00eda de la Revoluci\u00f3n de Mayo),<\/li>\n<li>el lunes 19 de junio (puente con el feriado del martes 20 de junio, Paso a la Inmortalidad del General Manuel Belgrano)<\/li>\n<li>el viernes 13 de octubre (fin de semana largo, de cuatro d\u00edas, por traslado del jueves 12 de octubre -D\u00eda del Respeto a la Diversidad Cultural- al lunes 16 de octubre).<\/li>\n<\/ul>\n<p>En definitiva, 2023 contar\u00e1 con cuatro fines de semana extra largos, de cuatro d\u00edas cada uno: del s\u00e1bado 18 de febrero al martes 21 de febrero; del jueves 25 al domingo 28 de mayo; del s\u00e1bado 17 al martes 20 de junio; y del viernes 13 al lunes 16 de octubre, los que contribuir\u00e1n a impulsar las escapadas y, con ellas, el crecimiento de la actividad tur\u00edstica.<\/p>\n","protected":false},"excerpt":{"rendered":"<p>Al finalizar con el feriado XXL comienzan las preguntas sobre los pr\u00f3ximos d\u00edas de descanso, ya con el ciclo lectivo iniciado &nbsp; &nbsp; Al concluir el primer fin de semana extra largo de 2023 comienzan las preguntas acerca de cu\u00e1ndo cae el pr\u00f3ximo. El decreto presidencial para el calendario de este a\u00f1o prev\u00e9 14 feriados inamovibles, 2 trasladables y 3 con fines tur\u00edsticos, sumando un total de 19 d\u00edas de descanso. Despu\u00e9s del primer feriado inamovible del a\u00f1o, el 1\u00b0 de enero, los siguientes fueron los del lunes 20 y&#8230;<\/p>\n","protected":false},"author":3,"featured_media":92766,"comment_status":"closed","ping_status":"closed","sticky":false,"template":"","format":"standard","meta":[],"categories":[4],"tags":[],"_links":{"self":[{"href":"https:\/\/www.actualidadadiario.com\/index.php\/wp-json\/wp\/v2\/posts\/98014"}],"collection":[{"href":"https:\/\/www.actualidadadiario.com\/index.php\/wp-json\/wp\/v2\/posts"}],"about":[{"href":"https:\/\/www.actualidadadiario.com\/index.php\/wp-json\/wp\/v2\/types\/post"}],"author":[{"embeddable":true,"href":"https:\/\/www.actualidadadiario.com\/index.php\/wp-json\/wp\/v2\/users\/3"}],"replies":[{"embeddable":true,"href":"https:\/\/www.actualidadadiario.com\/index.php\/wp-json\/wp\/v2\/comments?post=98014"}],"version-history":[{"count":1,"href":"https:\/\/www.actualidadadiario.com\/index.php\/wp-json\/wp\/v2\/posts\/98014\/revisions"}],"predecessor-version":[{"id":98015,"href":"https:\/\/www.actualidadadiario.com\/index.php\/wp-json\/wp\/v2\/posts\/98014\/revisions\/98015"}],"wp:featuredmedia":[{"embeddable":true,"href":"https:\/\/www.actualidadadiario.com\/index.php\/wp-json\/wp\/v2\/media\/92766"}],"wp:attachment":[{"href":"https:\/\/www.actualidadadiario.com\/index.php\/wp-json\/wp\/v2\/media?parent=98014"}],"wp:term":[{"taxonomy":"category","embeddable":true,"href":"https:\/\/www.actualidadadiario.com\/index.php\/wp-json\/wp\/v2\/categories?post=98014"},{"taxonomy":"post_tag","embeddable":true,"href":"https:\/\/www.actualidadadiario.com\/index.php\/wp-json\/wp\/v2\/tags?post=98014"}],"curies":[{"name":"wp","href":"https:\/\/api.w.org\/{rel}","templated":true}]}}