{"id":98004,"date":"2023-02-22T13:42:12","date_gmt":"2023-02-22T16:42:12","guid":{"rendered":"https:\/\/www.actualidadadiario.com\/?p=98004"},"modified":"2023-02-22T13:42:12","modified_gmt":"2023-02-22T16:42:12","slug":"ascienden-a-48-los-muertos-por-la-tragedia-climatica-en-la-costa-atlantica-de-san-pablo","status":"publish","type":"post","link":"https:\/\/www.actualidadadiario.com\/index.php\/2023\/02\/22\/ascienden-a-48-los-muertos-por-la-tragedia-climatica-en-la-costa-atlantica-de-san-pablo\/","title":{"rendered":"Ascienden a 48 los muertos por la tragedia clim\u00e1tica en la costa atl\u00e1ntica de San Pablo"},"content":{"rendered":"<p style=\"text-align: center;\"><em><strong>El domingo llovi\u00f3 m\u00e1s de 660 mil\u00edmetros en el litoral norte de la costa de San Pablo, el doble de lo esperado para febrero: fue la lluvia m\u00e1s copiosa de la historia de Brasil desde que se tiene registro<\/strong><\/em><\/p>\n<p>&nbsp;<\/p>\n<p>&nbsp;<\/p>\n<p>La cifra de muertos por los deslaves e inundaciones en la costa atl\u00e1ntica del estado brasile\u00f1o de San Pablo, a ra\u00edz de las lluvias r\u00e9cord del domingo pasado, ascendi\u00f3 este mi\u00e9rcoles a 48, mientras los socorristas contin\u00faan la b\u00fasqueda de desaparecidos bajo las monta\u00f1as de lodo sobre todo en la ciudad balnearia de Sao Sebastiao, uno de los para\u00edsos del turismo de la regi\u00f3n.<\/p>\n<p>As\u00ed lo inform\u00f3 este mi\u00e9rcoles un comunicado del gobierno del estado de San Pablo, que indic\u00f3 que 47 fallecidos pertenecen al municipio de Sao Sebastiao y el restante a Ubatuba.<\/p>\n<p>Tres ni\u00f1os fueron rescatados en la noche del martes por parte de los agentes de Defensa Civil en medio del lodo y luego de tres d\u00edas de b\u00fasqueda.<\/p>\n<p>El domingo, en 24 horas, llovi\u00f3 m\u00e1s de 660 mil\u00edmetros en el litoral norte de la costa de San Pablo,, el doble de lo esperado para un mes lluvioso como febrero: fue la lluvia m\u00e1s copiosa de la historia de Brasil desde que se tiene registro.<\/p>\n<p>Seg\u00fan el comunicado, hay 28 personas internadas, entre ellas seis ni\u00f1os, de las cuales 10 est\u00e1n en estado grave; y se estima que existan al menos 40 desaparecidos.<\/p>\n<p>El litoral norte estaba colmado el domingo a ra\u00edz de la afluencia tur\u00edstica por el feriado largo de Carnaval. La situaci\u00f3n es ca\u00f3tica hasta hoy porque gran parte de las rutas han desaparecido bajo las monta\u00f1as de lodo provocadas por los derrumbes de la Sierra del Mar.<\/p>\n<p>La mayor parte de las v\u00edctimas son residentes locales que viv\u00edan en barrios que fueron apareciendo en las laderas de la Sierra del Mar y que trabajan para servir al turismo de los paulistas en exclusivas playas como Barra do Sahy, Camburi, Baleia, Barra do Una y Juquehy, todas en Sao Sebastiao<\/p>\n<p>Incluso, durante tres d\u00edas quedaron aislados los habitantes de Mares\u00edas, la principal estaci\u00f3n de surf de la regi\u00f3n sudeste de Brasil.<\/p>\n<p>Ante esta situaci\u00f3n, el gobierno del presidente Luiz In\u00e1cio Lula da SIlva dispuso la liberaci\u00f3n de recursos previstos en el presupuesto de su gesti\u00f3n para desastres naturales y convoc\u00f3 a la intendencia de Sao Sebastiao para retirar a las personas de los lugares de riesgo y montar una planificaci\u00f3n de viviendas populares.<\/p>\n<p>Asimismo, la Marina mont\u00f3 un puerto m\u00f3vil en la regi\u00f3n para permitir la salida del lugar de personas que est\u00e1n atrapadas en los balnearios a ra\u00edz de que no existen m\u00e1s caminos o sus autom\u00f3viles se encuentran bajo el agua.<\/p>\n","protected":false},"excerpt":{"rendered":"<p>El domingo llovi\u00f3 m\u00e1s de 660 mil\u00edmetros en el litoral norte de la costa de San Pablo, el doble de lo esperado para febrero: fue la lluvia m\u00e1s copiosa de la historia de Brasil desde que se tiene registro &nbsp; &nbsp; La cifra de muertos por los deslaves e inundaciones en la costa atl\u00e1ntica del estado brasile\u00f1o de San Pablo, a ra\u00edz de las lluvias r\u00e9cord del domingo pasado, ascendi\u00f3 este mi\u00e9rcoles a 48, mientras los socorristas contin\u00faan la b\u00fasqueda de desaparecidos bajo las monta\u00f1as de lodo sobre todo en&#8230;<\/p>\n","protected":false},"author":3,"featured_media":98005,"comment_status":"closed","ping_status":"closed","sticky":false,"template":"","format":"standard","meta":[],"categories":[4],"tags":[],"_links":{"self":[{"href":"https:\/\/www.actualidadadiario.com\/index.php\/wp-json\/wp\/v2\/posts\/98004"}],"collection":[{"href":"https:\/\/www.actualidadadiario.com\/index.php\/wp-json\/wp\/v2\/posts"}],"about":[{"href":"https:\/\/www.actualidadadiario.com\/index.php\/wp-json\/wp\/v2\/types\/post"}],"author":[{"embeddable":true,"href":"https:\/\/www.actualidadadiario.com\/index.php\/wp-json\/wp\/v2\/users\/3"}],"replies":[{"embeddable":true,"href":"https:\/\/www.actualidadadiario.com\/index.php\/wp-json\/wp\/v2\/comments?post=98004"}],"version-history":[{"count":1,"href":"https:\/\/www.actualidadadiario.com\/index.php\/wp-json\/wp\/v2\/posts\/98004\/revisions"}],"predecessor-version":[{"id":98006,"href":"https:\/\/www.actualidadadiario.com\/index.php\/wp-json\/wp\/v2\/posts\/98004\/revisions\/98006"}],"wp:featuredmedia":[{"embeddable":true,"href":"https:\/\/www.actualidadadiario.com\/index.php\/wp-json\/wp\/v2\/media\/98005"}],"wp:attachment":[{"href":"https:\/\/www.actualidadadiario.com\/index.php\/wp-json\/wp\/v2\/media?parent=98004"}],"wp:term":[{"taxonomy":"category","embeddable":true,"href":"https:\/\/www.actualidadadiario.com\/index.php\/wp-json\/wp\/v2\/categories?post=98004"},{"taxonomy":"post_tag","embeddable":true,"href":"https:\/\/www.actualidadadiario.com\/index.php\/wp-json\/wp\/v2\/tags?post=98004"}],"curies":[{"name":"wp","href":"https:\/\/api.w.org\/{rel}","templated":true}]}}