{"id":98001,"date":"2023-02-22T13:41:30","date_gmt":"2023-02-22T16:41:30","guid":{"rendered":"https:\/\/www.actualidadadiario.com\/?p=98001"},"modified":"2023-02-22T13:41:30","modified_gmt":"2023-02-22T16:41:30","slug":"el-papa-pidio-esfuerzos-concretos-para-el-fin-del-conflicto-en-ucrania","status":"publish","type":"post","link":"https:\/\/www.actualidadadiario.com\/index.php\/2023\/02\/22\/el-papa-pidio-esfuerzos-concretos-para-el-fin-del-conflicto-en-ucrania\/","title":{"rendered":"El Papa pidi\u00f3 esfuerzos concretos \u00abpara el fin del conflicto\u00bb en Ucrania"},"content":{"rendered":"<p style=\"text-align: center;\"><em><strong>Francisco dedic\u00f3 un discurso especial sobre a pocas horas de cumplirse el primer aniversario del inicio de la guerra. Al terminar la Audiencia General con unos 7.000 fieles, defini\u00f3 el conflicto como &#8220;absurdo y cruel&#8221;<\/strong><\/em><\/p>\n<p>&nbsp;<\/p>\n<p>&nbsp;<\/p>\n<p>El papa Francisco pidi\u00f3 este mi\u00e9rcoles a los l\u00edderes mundiales esfuerzos concretos \u00abpara el fin del conflicto\u00bb en Ucrania, a 48 horas de que el pr\u00f3ximo viernes se cumpla el primer aniversario de la \u00abguerra absurda y cruel\u00bb iniciada con la invasi\u00f3n rusa.<\/p>\n<p>\u00abPasado ma\u00f1ana, 24 de febrero, se cumple un a\u00f1o de la invasi\u00f3n a Ucrania. Un a\u00f1o del inicio de esta guerra absurda y cruel. Un triste aniversario\u00bb, lament\u00f3 el pont\u00edfice al terminar la Audiencia General que encabez\u00f3 en el Vaticano.<\/p>\n<p>Para el Papa, \u00abel balance de muertos, heridos, refugiados, desplazados, destrucciones, da\u00f1os econ\u00f3micos, y sociales habla por s\u00ed solo\u00bb.<\/p>\n<p>\u00ab\u00bfPodr\u00e1 el se\u00f1or perdonar tantos cr\u00edmenes y tanta violencia? \u00c9l es el Dios de la paz\u00bb, plante\u00f3 luego Jorge Bergoglio en el encuentro con unos 7.000 fieles en el Aula Pablo VI del Vaticano.<\/p>\n<p>\u00abSomos cercanos al martirizado pueblo ucraniano que contin\u00faa sufriendo. Pregunt\u00e9monos si se hizo todo lo posible para frenar la guerra\u00bb, propuso tambi\u00e9n el Papa, en una nueva referencia al conflicto.<\/p>\n<p>\u00abHago un llamado a quienes tienen autoridad sobre las naciones para que se esfuercen concretamente para el fin del conflicto, y se alcance el cese de fuego y se inicien negociaciones de paz\u00bb, afirm\u00f3 tambi\u00e9n Francisco en una nueva convocatoria para el fin de la guerra.<\/p>\n<p>En ese marco, insisti\u00f3 en que \u00abla que se construye sobre los escombros no ser\u00e1 nunca una verdadera victoria\u00bb.<\/p>\n","protected":false},"excerpt":{"rendered":"<p>Francisco dedic\u00f3 un discurso especial sobre a pocas horas de cumplirse el primer aniversario del inicio de la guerra. Al terminar la Audiencia General con unos 7.000 fieles, defini\u00f3 el conflicto como &#8220;absurdo y cruel&#8221; &nbsp; &nbsp; El papa Francisco pidi\u00f3 este mi\u00e9rcoles a los l\u00edderes mundiales esfuerzos concretos \u00abpara el fin del conflicto\u00bb en Ucrania, a 48 horas de que el pr\u00f3ximo viernes se cumpla el primer aniversario de la \u00abguerra absurda y cruel\u00bb iniciada con la invasi\u00f3n rusa. \u00abPasado ma\u00f1ana, 24 de febrero, se cumple un a\u00f1o de&#8230;<\/p>\n","protected":false},"author":3,"featured_media":98002,"comment_status":"closed","ping_status":"closed","sticky":false,"template":"","format":"standard","meta":[],"categories":[4],"tags":[],"_links":{"self":[{"href":"https:\/\/www.actualidadadiario.com\/index.php\/wp-json\/wp\/v2\/posts\/98001"}],"collection":[{"href":"https:\/\/www.actualidadadiario.com\/index.php\/wp-json\/wp\/v2\/posts"}],"about":[{"href":"https:\/\/www.actualidadadiario.com\/index.php\/wp-json\/wp\/v2\/types\/post"}],"author":[{"embeddable":true,"href":"https:\/\/www.actualidadadiario.com\/index.php\/wp-json\/wp\/v2\/users\/3"}],"replies":[{"embeddable":true,"href":"https:\/\/www.actualidadadiario.com\/index.php\/wp-json\/wp\/v2\/comments?post=98001"}],"version-history":[{"count":1,"href":"https:\/\/www.actualidadadiario.com\/index.php\/wp-json\/wp\/v2\/posts\/98001\/revisions"}],"predecessor-version":[{"id":98003,"href":"https:\/\/www.actualidadadiario.com\/index.php\/wp-json\/wp\/v2\/posts\/98001\/revisions\/98003"}],"wp:featuredmedia":[{"embeddable":true,"href":"https:\/\/www.actualidadadiario.com\/index.php\/wp-json\/wp\/v2\/media\/98002"}],"wp:attachment":[{"href":"https:\/\/www.actualidadadiario.com\/index.php\/wp-json\/wp\/v2\/media?parent=98001"}],"wp:term":[{"taxonomy":"category","embeddable":true,"href":"https:\/\/www.actualidadadiario.com\/index.php\/wp-json\/wp\/v2\/categories?post=98001"},{"taxonomy":"post_tag","embeddable":true,"href":"https:\/\/www.actualidadadiario.com\/index.php\/wp-json\/wp\/v2\/tags?post=98001"}],"curies":[{"name":"wp","href":"https:\/\/api.w.org\/{rel}","templated":true}]}}