{"id":98,"date":"2016-08-10T13:22:40","date_gmt":"2016-08-10T16:22:40","guid":{"rendered":"http:\/\/actualidadadiario.com\/site\/?p=98"},"modified":"2016-08-22T10:19:28","modified_gmt":"2016-08-22T13:19:28","slug":"la-corte-suprema-de-tucuman-ordeno-liberar-a-belen","status":"publish","type":"post","link":"https:\/\/www.actualidadadiario.com\/index.php\/2016\/08\/10\/la-corte-suprema-de-tucuman-ordeno-liberar-a-belen\/","title":{"rendered":"La Corte Suprema de Tucum\u00e1n orden\u00f3 liberar a Bel\u00e9n"},"content":{"rendered":"<p>La joven de 27 a\u00f1os, condenada por un aborto espont\u00e1neo, est\u00e1 detenida desde hace m\u00e1s de dos a\u00f1os y fue condenada a ocho a\u00f1os de prisi\u00f3n<\/p>\n<p>La Corte Suprema de Justicia de Tucum\u00e1n orden\u00f3 que Bel\u00e9n, condenada a 8 a\u00f1os de prisi\u00f3n porque le diagnosticaron un aborto espont\u00e1neo incompleto, sea puesta en libertad. El fallo lleva la firma de los vocales Antonio Gandur, Antonio Estof\u00e1n y Daniel Posse.<\/p>\n<p>Seg\u00fan se\u00f1ala el portal de La Gaceta de Tucum\u00e1n, el m\u00e1ximo tribunal de la Provincia dispuso que las actuaciones vuelvan a la Sala III de la C\u00e1mara Penal, que emiti\u00f3 el fallo condenatorio, para que instrumente la liberaci\u00f3n efectiva de Bel\u00e9n.<\/p>\n<p>Los jueces que la sentenciaron en abril pasado aseguran que tuvo a su beb\u00e9 en un ba\u00f1o del hospital Avellaneda y que lo asesin\u00f3 arroj\u00e1ndolo a un inodoro. En cambio, quienes defienden a Bel\u00e9n advierten que se trat\u00f3 de un aborto espont\u00e1neo. La joven de 27 a\u00f1os, cuya identidad se mantiene en reserva, est\u00e1 privada de su libertad desde marzo de 2014.<\/p>\n<p>El fallo que la conden\u00f3 se bas\u00f3 en las declaraciones e informes realizados por los m\u00e9dicos, enfermeras y polic\u00edas del Hospital Avellanada. Sin embargo, los testimonios reflejan incongruencias en torno a la hora en la que se encontr\u00f3 el feto, su tiempo de gestaci\u00f3n y hasta el lugar en donde fue hallado. Informes y testimonios que hablan de una gestaci\u00f3n de 22 semanas, como lo se\u00f1ala el m\u00e9dico Jos\u00e9 Daniel Mart\u00edn al diagnosticar un \u201caborto espont\u00e1neo incompleto sin complicaciones&#8221;, y una autopsia del feto que le asigna 32 semanas de gestaci\u00f3n. Los jueces no advirtieron esta incongruencia.<\/p>\n","protected":false},"excerpt":{"rendered":"<p>La joven de 27 a\u00f1os, condenada por un aborto espont\u00e1neo, est\u00e1 detenida desde hace m\u00e1s de dos a\u00f1os y fue condenada a ocho a\u00f1os de prisi\u00f3n La Corte Suprema de Justicia de Tucum\u00e1n orden\u00f3 que Bel\u00e9n, condenada a 8 a\u00f1os de prisi\u00f3n porque le diagnosticaron un aborto espont\u00e1neo incompleto, sea puesta en libertad. El fallo lleva la firma de los vocales Antonio Gandur, Antonio Estof\u00e1n y Daniel Posse. Seg\u00fan se\u00f1ala el portal de La Gaceta de Tucum\u00e1n, el m\u00e1ximo tribunal de la Provincia dispuso que las actuaciones vuelvan a la&#8230;<\/p>\n","protected":false},"author":2,"featured_media":99,"comment_status":"closed","ping_status":"open","sticky":false,"template":"","format":"standard","meta":[],"categories":[9,4],"tags":[13],"_links":{"self":[{"href":"https:\/\/www.actualidadadiario.com\/index.php\/wp-json\/wp\/v2\/posts\/98"}],"collection":[{"href":"https:\/\/www.actualidadadiario.com\/index.php\/wp-json\/wp\/v2\/posts"}],"about":[{"href":"https:\/\/www.actualidadadiario.com\/index.php\/wp-json\/wp\/v2\/types\/post"}],"author":[{"embeddable":true,"href":"https:\/\/www.actualidadadiario.com\/index.php\/wp-json\/wp\/v2\/users\/2"}],"replies":[{"embeddable":true,"href":"https:\/\/www.actualidadadiario.com\/index.php\/wp-json\/wp\/v2\/comments?post=98"}],"version-history":[{"count":1,"href":"https:\/\/www.actualidadadiario.com\/index.php\/wp-json\/wp\/v2\/posts\/98\/revisions"}],"predecessor-version":[{"id":100,"href":"https:\/\/www.actualidadadiario.com\/index.php\/wp-json\/wp\/v2\/posts\/98\/revisions\/100"}],"wp:featuredmedia":[{"embeddable":true,"href":"https:\/\/www.actualidadadiario.com\/index.php\/wp-json\/wp\/v2\/media\/99"}],"wp:attachment":[{"href":"https:\/\/www.actualidadadiario.com\/index.php\/wp-json\/wp\/v2\/media?parent=98"}],"wp:term":[{"taxonomy":"category","embeddable":true,"href":"https:\/\/www.actualidadadiario.com\/index.php\/wp-json\/wp\/v2\/categories?post=98"},{"taxonomy":"post_tag","embeddable":true,"href":"https:\/\/www.actualidadadiario.com\/index.php\/wp-json\/wp\/v2\/tags?post=98"}],"curies":[{"name":"wp","href":"https:\/\/api.w.org\/{rel}","templated":true}]}}