{"id":97996,"date":"2023-02-22T13:26:02","date_gmt":"2023-02-22T16:26:02","guid":{"rendered":"https:\/\/www.actualidadadiario.com\/?p=97996"},"modified":"2023-02-22T13:26:02","modified_gmt":"2023-02-22T16:26:02","slug":"se-realiza-una-reunion-clave-que-determinara-si-las-clases-comienzan-con-normalidad-en-entre-rios","status":"publish","type":"post","link":"https:\/\/www.actualidadadiario.com\/index.php\/2023\/02\/22\/se-realiza-una-reunion-clave-que-determinara-si-las-clases-comienzan-con-normalidad-en-entre-rios\/","title":{"rendered":"Se realiza una reuni\u00f3n clave que determinar\u00e1 si las clases comienzan con normalidad en Entre R\u00edos"},"content":{"rendered":"<p style=\"text-align: center;\"><em><strong>Luego del rechazo de los gremios a la oferta salarial que propuso el Gobierno provincial, la mesa paritaria docente se volver\u00e1 a reunir este mi\u00e9rcoles 22, informaron fuentes sindicales. Si no se arriba a un acuerdo corre riesgo el normal inicio del ciclo lectivo, previsto para el lunes 27<\/strong><\/em><\/p>\n<p>&nbsp;<\/p>\n<p>&nbsp;<\/p>\n<p>La Comisi\u00f3n Directiva Central de Agmer recibi\u00f3 c\u00e9dula de notificaci\u00f3n de la Secretar\u00eda de Trabajo de la Provincia en la que se convoca a una nueva reuni\u00f3n de la mesa paritaria para este mi\u00e9rcoles 22 de febrero a las 12 a fin de dar continuidad a las negociaciones salariales.<\/p>\n<p>Cabe destacar que en la \u00faltima reuni\u00f3n, que tuvo lugar el martes pasado, el Gobierno ofreci\u00f3 un aumento del 18% con los haberes de marzo, otro del 10% con los haberes de junio y el compromiso de convocar a una nueva reuni\u00f3n en julio una vez que se conozcan los \u00edndices de inflaci\u00f3n de junio. Adem\u00e1s, si la inflaci\u00f3n durante los primeros meses del a\u00f1o supera el aumento propuesto, se convocar\u00e1 a una reuni\u00f3n anticipada para alcanzar una soluci\u00f3n.<\/p>\n<p>La propuesta fue analizada entre mi\u00e9rcoles y jueves por los gremios, que finalmente decidieron no aceptarla.<\/p>\n<p>En este marco, se acotan los m\u00e1rgenes para arribar a un acuerdo antes del inicio de clases, previsto para el 27 de febrero: si este mi\u00e9rcoles 22 los funcionarios provinciales no presentan una nueva oferta y \u00e9sta es aceptada por los sindicatos, es probable que el inicio del ciclo lectivo nuevamente se vea empa\u00f1ado por medidas de fuerza.<\/p>\n","protected":false},"excerpt":{"rendered":"<p>Luego del rechazo de los gremios a la oferta salarial que propuso el Gobierno provincial, la mesa paritaria docente se volver\u00e1 a reunir este mi\u00e9rcoles 22, informaron fuentes sindicales. Si no se arriba a un acuerdo corre riesgo el normal inicio del ciclo lectivo, previsto para el lunes 27 &nbsp; &nbsp; La Comisi\u00f3n Directiva Central de Agmer recibi\u00f3 c\u00e9dula de notificaci\u00f3n de la Secretar\u00eda de Trabajo de la Provincia en la que se convoca a una nueva reuni\u00f3n de la mesa paritaria para este mi\u00e9rcoles 22 de febrero a las&#8230;<\/p>\n","protected":false},"author":3,"featured_media":97997,"comment_status":"closed","ping_status":"closed","sticky":false,"template":"","format":"standard","meta":[],"categories":[9,15],"tags":[],"_links":{"self":[{"href":"https:\/\/www.actualidadadiario.com\/index.php\/wp-json\/wp\/v2\/posts\/97996"}],"collection":[{"href":"https:\/\/www.actualidadadiario.com\/index.php\/wp-json\/wp\/v2\/posts"}],"about":[{"href":"https:\/\/www.actualidadadiario.com\/index.php\/wp-json\/wp\/v2\/types\/post"}],"author":[{"embeddable":true,"href":"https:\/\/www.actualidadadiario.com\/index.php\/wp-json\/wp\/v2\/users\/3"}],"replies":[{"embeddable":true,"href":"https:\/\/www.actualidadadiario.com\/index.php\/wp-json\/wp\/v2\/comments?post=97996"}],"version-history":[{"count":2,"href":"https:\/\/www.actualidadadiario.com\/index.php\/wp-json\/wp\/v2\/posts\/97996\/revisions"}],"predecessor-version":[{"id":97999,"href":"https:\/\/www.actualidadadiario.com\/index.php\/wp-json\/wp\/v2\/posts\/97996\/revisions\/97999"}],"wp:featuredmedia":[{"embeddable":true,"href":"https:\/\/www.actualidadadiario.com\/index.php\/wp-json\/wp\/v2\/media\/97997"}],"wp:attachment":[{"href":"https:\/\/www.actualidadadiario.com\/index.php\/wp-json\/wp\/v2\/media?parent=97996"}],"wp:term":[{"taxonomy":"category","embeddable":true,"href":"https:\/\/www.actualidadadiario.com\/index.php\/wp-json\/wp\/v2\/categories?post=97996"},{"taxonomy":"post_tag","embeddable":true,"href":"https:\/\/www.actualidadadiario.com\/index.php\/wp-json\/wp\/v2\/tags?post=97996"}],"curies":[{"name":"wp","href":"https:\/\/api.w.org\/{rel}","templated":true}]}}