{"id":97992,"date":"2023-02-22T13:24:51","date_gmt":"2023-02-22T16:24:51","guid":{"rendered":"https:\/\/www.actualidadadiario.com\/?p=97992"},"modified":"2023-02-22T13:24:51","modified_gmt":"2023-02-22T16:24:51","slug":"dario-schneider-se-postula-para-presidir-la-ucr-entre-rios","status":"publish","type":"post","link":"https:\/\/www.actualidadadiario.com\/index.php\/2023\/02\/22\/dario-schneider-se-postula-para-presidir-la-ucr-entre-rios\/","title":{"rendered":"Dar\u00edo Schneider se postula para presidir la UCR Entre R\u00edos"},"content":{"rendered":"<p style=\"text-align: center;\"><em><strong>El Intendente de Crespo se postular\u00e1 para conducir el Comit\u00e9 Provincial de la Uni\u00f3n C\u00edvica Radical (UCR) en los comicios partidarios del 16 de abril. \u201cConvocar\u00e9 a cada radical de nuestra provincia para seguir fortaleciendo nuestro partido y prepararnos para los desaf\u00edos que el radicalismo tiene este 2023\u201d, afirm\u00f3<\/strong><\/em><\/p>\n<p>&nbsp;<\/p>\n<p>&nbsp;<\/p>\n<p>\u201c\u00a1Que honor ser\u00e1 este hermoso desaf\u00edo!\u00a0 Acept\u00e9 a partir de que me fuera propuesto encabezar el proceso a presidir la Uni\u00f3n C\u00edvica Radical de Entre R\u00edos en las pr\u00f3ximas elecciones partidarias\u201d, expres\u00f3 Schneider en su cuenta de Facebook.<\/p>\n<p>Cont\u00f3 que \u201cen una gran asamblea del espacio tuve el honor de recibir esta propuesta. Convocar\u00e9 a cada radical de nuestra provincia para seguir fortaleciendo nuestro partido y prepararnos para los desaf\u00edos que el radicalismo tiene este 2023\u201d.<\/p>\n<p>Por su parte, el diputado nacional Pedro Galimberti, que se postula para la gobernaci\u00f3n, afirm\u00f3 que \u201cDar\u00edo Schneider tiene experiencia de gesti\u00f3n y es un experimentado dirigente de nuestro partido. Por esa raz\u00f3n vamos a acompa\u00f1ar su candidatura para presidir la Uni\u00f3n C\u00edvica Radical de Entre R\u00edos\u201d.<\/p>\n<p>\u201cDar\u00edo es garant\u00eda de un radicalismo protagonista para consolidar Juntos por Entre R\u00edos\u201d, manifest\u00f3.<\/p>\n","protected":false},"excerpt":{"rendered":"<p>El Intendente de Crespo se postular\u00e1 para conducir el Comit\u00e9 Provincial de la Uni\u00f3n C\u00edvica Radical (UCR) en los comicios partidarios del 16 de abril. \u201cConvocar\u00e9 a cada radical de nuestra provincia para seguir fortaleciendo nuestro partido y prepararnos para los desaf\u00edos que el radicalismo tiene este 2023\u201d, afirm\u00f3 &nbsp; &nbsp; \u201c\u00a1Que honor ser\u00e1 este hermoso desaf\u00edo!\u00a0 Acept\u00e9 a partir de que me fuera propuesto encabezar el proceso a presidir la Uni\u00f3n C\u00edvica Radical de Entre R\u00edos en las pr\u00f3ximas elecciones partidarias\u201d, expres\u00f3 Schneider en su cuenta de Facebook. Cont\u00f3&#8230;<\/p>\n","protected":false},"author":3,"featured_media":97993,"comment_status":"closed","ping_status":"closed","sticky":false,"template":"","format":"standard","meta":[],"categories":[15],"tags":[],"_links":{"self":[{"href":"https:\/\/www.actualidadadiario.com\/index.php\/wp-json\/wp\/v2\/posts\/97992"}],"collection":[{"href":"https:\/\/www.actualidadadiario.com\/index.php\/wp-json\/wp\/v2\/posts"}],"about":[{"href":"https:\/\/www.actualidadadiario.com\/index.php\/wp-json\/wp\/v2\/types\/post"}],"author":[{"embeddable":true,"href":"https:\/\/www.actualidadadiario.com\/index.php\/wp-json\/wp\/v2\/users\/3"}],"replies":[{"embeddable":true,"href":"https:\/\/www.actualidadadiario.com\/index.php\/wp-json\/wp\/v2\/comments?post=97992"}],"version-history":[{"count":2,"href":"https:\/\/www.actualidadadiario.com\/index.php\/wp-json\/wp\/v2\/posts\/97992\/revisions"}],"predecessor-version":[{"id":97995,"href":"https:\/\/www.actualidadadiario.com\/index.php\/wp-json\/wp\/v2\/posts\/97992\/revisions\/97995"}],"wp:featuredmedia":[{"embeddable":true,"href":"https:\/\/www.actualidadadiario.com\/index.php\/wp-json\/wp\/v2\/media\/97993"}],"wp:attachment":[{"href":"https:\/\/www.actualidadadiario.com\/index.php\/wp-json\/wp\/v2\/media?parent=97992"}],"wp:term":[{"taxonomy":"category","embeddable":true,"href":"https:\/\/www.actualidadadiario.com\/index.php\/wp-json\/wp\/v2\/categories?post=97992"},{"taxonomy":"post_tag","embeddable":true,"href":"https:\/\/www.actualidadadiario.com\/index.php\/wp-json\/wp\/v2\/tags?post=97992"}],"curies":[{"name":"wp","href":"https:\/\/api.w.org\/{rel}","templated":true}]}}