{"id":97987,"date":"2023-02-22T13:23:26","date_gmt":"2023-02-22T16:23:26","guid":{"rendered":"https:\/\/www.actualidadadiario.com\/?p=97987"},"modified":"2023-02-22T13:23:26","modified_gmt":"2023-02-22T16:23:26","slug":"codesal-detallo-por-que-tuvo-uno-de-sus-mayores-records-en-cantidad-de-visitantes-a-sus-centros-termales","status":"publish","type":"post","link":"https:\/\/www.actualidadadiario.com\/index.php\/2023\/02\/22\/codesal-detallo-por-que-tuvo-uno-de-sus-mayores-records-en-cantidad-de-visitantes-a-sus-centros-termales\/","title":{"rendered":"CODESAL detall\u00f3 por qu\u00e9 tuvo &#8220;uno de sus mayores r\u00e9cords&#8221; en cantidad de visitantes a sus centros termales"},"content":{"rendered":"<p style=\"text-align: center;\"><em><strong>Desde la Corporaci\u00f3n para el Desarrollo de Salto Grande se brindaron los n\u00fameros que dej\u00f3 el primer fin de semana extra largo del a\u00f1o. Seg\u00fan se report\u00f3, se pudo llegar &#8220;a uno de sus mayores r\u00e9cords en su historia\u201d en cuanto a visitantes<\/strong><\/em><\/p>\n<p>&nbsp;<\/p>\n<p>&nbsp;<\/p>\n<p>\u201cA nuestros parques termales ingresaron durante los cuatro d\u00edas del fin de semana casi 8.000 visitantes&#8221;, expres\u00f3 Jos\u00e9 Luis Rodr\u00edguez, presidente de CODESAL. Agregando que se lleg\u00f3 &#8220;a uno de sus mayores r\u00e9cords en su historia\u201d.<\/p>\n<p>&nbsp;<\/p>\n<p><strong>Atractivos y eventos<\/strong><\/p>\n<p>Vale recordar que a los eventos que se realizaron en toda la ciudad, se sumaron shows en vivo en las termas durante todo el fin de semana. El s\u00e1bado, junto a la Secretar\u00eda de Turismo Cultura e Innovaci\u00f3n de la Municipalidad de Concordia, el Parador Tur\u00edstico estuvo en Termas del Ayu\u00ed, donde se pudo disfrutar de show de La Rocola.<\/p>\n<p>El domingo toc\u00f3 en ese mismo parque La Sonic Band, animando la jornada de todos los visitantes. Para cerrar la agenda de espect\u00e1culos, el lunes las Termas de Punta Viracho fueron el escenario para que Sergio Cejas (Los Alpes) brinde un recital que fue transmitido en vivo por las redes de CODESAL.<\/p>\n<p>&nbsp;<\/p>\n<p><strong>En ascenso<\/strong><\/p>\n<p>\u201cCada vez m\u00e1s vemos como los n\u00fameros de turistas y concordienses que eligen las termas para relajarse y disfrutar con toda la familia, se van incrementando&#8221;, destac\u00f3 Rodr\u00edguez.<\/p>\n<p>Adem\u00e1s, mencion\u00f3 que &#8220;las playas del Lago estuvieron repletas durante los cuatro d\u00edas del fin de semana\u201d.<\/p>\n<p>\u201cSin dudas para nosotros es un orgullo que se pueda disfrutar cada vez m\u00e1s de los atractivos de nuestra ciudad y que de a poco podamos fortalecer la oferta para que Concordia se posicione como destino tur\u00edstico\u201d, remat\u00f3.<\/p>\n","protected":false},"excerpt":{"rendered":"<p>Desde la Corporaci\u00f3n para el Desarrollo de Salto Grande se brindaron los n\u00fameros que dej\u00f3 el primer fin de semana extra largo del a\u00f1o. Seg\u00fan se report\u00f3, se pudo llegar &#8220;a uno de sus mayores r\u00e9cords en su historia\u201d en cuanto a visitantes &nbsp; &nbsp; \u201cA nuestros parques termales ingresaron durante los cuatro d\u00edas del fin de semana casi 8.000 visitantes&#8221;, expres\u00f3 Jos\u00e9 Luis Rodr\u00edguez, presidente de CODESAL. Agregando que se lleg\u00f3 &#8220;a uno de sus mayores r\u00e9cords en su historia\u201d. &nbsp; Atractivos y eventos Vale recordar que a los&#8230;<\/p>\n","protected":false},"author":3,"featured_media":97988,"comment_status":"closed","ping_status":"closed","sticky":false,"template":"","format":"standard","meta":[],"categories":[15],"tags":[],"_links":{"self":[{"href":"https:\/\/www.actualidadadiario.com\/index.php\/wp-json\/wp\/v2\/posts\/97987"}],"collection":[{"href":"https:\/\/www.actualidadadiario.com\/index.php\/wp-json\/wp\/v2\/posts"}],"about":[{"href":"https:\/\/www.actualidadadiario.com\/index.php\/wp-json\/wp\/v2\/types\/post"}],"author":[{"embeddable":true,"href":"https:\/\/www.actualidadadiario.com\/index.php\/wp-json\/wp\/v2\/users\/3"}],"replies":[{"embeddable":true,"href":"https:\/\/www.actualidadadiario.com\/index.php\/wp-json\/wp\/v2\/comments?post=97987"}],"version-history":[{"count":1,"href":"https:\/\/www.actualidadadiario.com\/index.php\/wp-json\/wp\/v2\/posts\/97987\/revisions"}],"predecessor-version":[{"id":97989,"href":"https:\/\/www.actualidadadiario.com\/index.php\/wp-json\/wp\/v2\/posts\/97987\/revisions\/97989"}],"wp:featuredmedia":[{"embeddable":true,"href":"https:\/\/www.actualidadadiario.com\/index.php\/wp-json\/wp\/v2\/media\/97988"}],"wp:attachment":[{"href":"https:\/\/www.actualidadadiario.com\/index.php\/wp-json\/wp\/v2\/media?parent=97987"}],"wp:term":[{"taxonomy":"category","embeddable":true,"href":"https:\/\/www.actualidadadiario.com\/index.php\/wp-json\/wp\/v2\/categories?post=97987"},{"taxonomy":"post_tag","embeddable":true,"href":"https:\/\/www.actualidadadiario.com\/index.php\/wp-json\/wp\/v2\/tags?post=97987"}],"curies":[{"name":"wp","href":"https:\/\/api.w.org\/{rel}","templated":true}]}}