{"id":97982,"date":"2023-02-22T13:22:04","date_gmt":"2023-02-22T16:22:04","guid":{"rendered":"https:\/\/www.actualidadadiario.com\/?p=97982"},"modified":"2023-02-22T13:22:04","modified_gmt":"2023-02-22T16:22:04","slug":"el-rio-parana-crece-y-se-espera-que-continue-asi-en-marzo","status":"publish","type":"post","link":"https:\/\/www.actualidadadiario.com\/index.php\/2023\/02\/22\/el-rio-parana-crece-y-se-espera-que-continue-asi-en-marzo\/","title":{"rendered":"El r\u00edo Paran\u00e1 crece y se espera que contin\u00fae as\u00ed en marzo"},"content":{"rendered":"<p style=\"text-align: center;\"><em><strong>El caudal se mantiene por encima de los niveles registrados en 2020 y 2021 y se espera que siga con esta tendencia para los primeros d\u00edas del mes pr\u00f3ximo, pero a\u00fan por debajo de sus niveles normales y de aguas bajas, inform\u00f3 el Instituto Nacional del Agua<\/strong><\/em><\/p>\n<p>&nbsp;<\/p>\n<p>&nbsp;<\/p>\n<p>El r\u00edo Paran\u00e1 creci\u00f3 en su altura en varios puertos de Entre R\u00edos durante los \u00faltimos d\u00edas, se mantiene por encima de los niveles registrados en 2020 y 2021 y se espera que siga con esta tendencia para los primeros d\u00edas de marzo, pero a\u00fan por debajo de sus niveles normales y de aguas bajas, inform\u00f3 hoy el Instituto Nacional del Agua (INA).<\/p>\n<p>Se trata de una &#8220;mejor\u00eda en la perspectiva meteorol\u00f3gica y los caudales previstos desde la cuenca alta&#8221; que provoc\u00f3 un crecimiento de la altura del r\u00edo, aunque siempre &#8220;dentro del rango de aguas bajas&#8221;, se\u00f1al\u00f3 el organismo.<\/p>\n<p>El pasado domingo, la Central Hidroel\u00e9ctrica Itaip\u00fa abri\u00f3 en simult\u00e1neo dos de las tres canaletas de su vertedero, algo que no ocurr\u00eda desde marzo de 2016, y se prev\u00e9 que contin\u00fae vertiendo agua los pr\u00f3ximos d\u00edas.<\/p>\n<p>La entidad binacional argument\u00f3 esta decisi\u00f3n en las intensas precipitaciones registradas aguas arriba en el Paran\u00e1 y ante la crecida del r\u00edo, por lo que ambas canaletas vertieron 12 millones de litros de agua por segundo, ocho veces el caudal promedio de las Cataratas del Iguaz\u00fa.<\/p>\n<p>La bajante es la &#8220;m\u00e1s larga de la historia&#8221; (desde 1884) y de caracter\u00edsticas extraordinarias por su &#8220;magnitud y persistencia&#8221;, advirti\u00f3 el INA, y no tiene un final ni retorno definitivo a la normalidad debido a las condiciones clim\u00e1ticas para los pr\u00f3ximos meses.<\/p>\n<p>A ello se le suma una sequ\u00eda calificada como &#8220;hist\u00f3rica&#8221; y &#8220;la peor de los \u00faltimos 60 a\u00f1os seg\u00fan los registros provinciales&#8221;, con efectos &#8220;devastadores&#8221;; y pocas o nulas lluvias en todo el territorio entrerriano desde 2021.<\/p>\n<p>En Paran\u00e1, capital provincial, el r\u00edo se mantiene hoy en 2,15 metros, m\u00e1s cerca del nivel de aguas bajas (2,30) pero a\u00fan menor a su altura promedio en febrero (3,74 metros).<\/p>\n<p>En el noroeste entrerriano, en La Paz, el r\u00edo Paran\u00e1 lleg\u00f3 a 3,50 metros de altura hoy, super\u00f3 su l\u00edmite de aguas bajas (3,20 metros) aunque se mantiene por debajo de los 4,59 que la Prefectura Naval Argentina (PNA) registr\u00f3 como promedio este mes entre 1996 y 2021.<\/p>\n<p>Donde tambi\u00e9n se registr\u00f3 una crecida fue en el puerto de Diamante, m\u00e1s al sur de la costa entrerriana, con un nivel de 2,30 cent\u00edmetros, por debajo de los 2,40 metros del l\u00edmite de aguas bajas y del promedio hist\u00f3rico de 3,96 de los \u00faltimos 25 meses de febrero.<\/p>\n<p>Por otro lado, en Victoria, el r\u00edo Paran\u00e1 se encuentra con 2,68 metros, y al igual que el resto de la costa, se mantiene cerca de sus medidas que alertan las aguas bajas (2,60), y detr\u00e1s de lo registrado como promedio para este mes (4 metros).<\/p>\n<p>Adem\u00e1s, el INA prev\u00e9 una mejora para las pr\u00f3ximas semanas, llegando a 2,58 metros en Paran\u00e1 a principios de marzo; 3,72 en La Paz; 3,04 metros en el puerto de Diamante; y 3,69 metros en Victoria, unos 80 kil\u00f3metros m\u00e1s al sur.<\/p>\n<p>La bajante hist\u00f3rica tuvo su inicio en marzo de 2020, un a\u00f1o m\u00e1s tarde tuvo una tendencia alcista sin alcanzar su normalidad, pero volvi\u00f3 a caer a fines del 2021, y provoc\u00f3 notorios cambios en la vida ambiental, econ\u00f3mica, productiva y social entrerriana.<\/p>\n<p>Se vio afectada la fauna \u00edctica al dejar seco el valle de inundaci\u00f3n (donde los peces se refugian, alimentan, reproducen y crecen); produjo inconvenientes en el riego de cultivos y complic\u00f3 las producciones industriales y cadenas alimenticias que necesitan captar agua.<\/p>\n<p>Tambi\u00e9n acrecent\u00f3 los problemas de incendios en las islas y los de contaminaci\u00f3n del agua, ya que se redujo la capacidad de diluci\u00f3n de los afluentes crudos o industriales.<\/p>\n<p>La no influencia del r\u00edo en los arroyos y cursos de agua de la provincia afect\u00f3 el riego de los cultivos, generando plantas de menor tama\u00f1o, demoras en la fertilizaci\u00f3n nitrogenada, un retraso en el crecimiento, e incluso p\u00e9rdidas parciales y totales.<\/p>\n<p>La producci\u00f3n de animales, con ventas anticipadas de animales y una ca\u00edda en la condici\u00f3n corporal del ganado, y sectores derivados como el lechero se sumaron a las econom\u00edas perjudicadas.<\/p>\n","protected":false},"excerpt":{"rendered":"<p>El caudal se mantiene por encima de los niveles registrados en 2020 y 2021 y se espera que siga con esta tendencia para los primeros d\u00edas del mes pr\u00f3ximo, pero a\u00fan por debajo de sus niveles normales y de aguas bajas, inform\u00f3 el Instituto Nacional del Agua &nbsp; &nbsp; El r\u00edo Paran\u00e1 creci\u00f3 en su altura en varios puertos de Entre R\u00edos durante los \u00faltimos d\u00edas, se mantiene por encima de los niveles registrados en 2020 y 2021 y se espera que siga con esta tendencia para los primeros d\u00edas&#8230;<\/p>\n","protected":false},"author":3,"featured_media":97983,"comment_status":"closed","ping_status":"closed","sticky":false,"template":"","format":"standard","meta":[],"categories":[9,15],"tags":[],"_links":{"self":[{"href":"https:\/\/www.actualidadadiario.com\/index.php\/wp-json\/wp\/v2\/posts\/97982"}],"collection":[{"href":"https:\/\/www.actualidadadiario.com\/index.php\/wp-json\/wp\/v2\/posts"}],"about":[{"href":"https:\/\/www.actualidadadiario.com\/index.php\/wp-json\/wp\/v2\/types\/post"}],"author":[{"embeddable":true,"href":"https:\/\/www.actualidadadiario.com\/index.php\/wp-json\/wp\/v2\/users\/3"}],"replies":[{"embeddable":true,"href":"https:\/\/www.actualidadadiario.com\/index.php\/wp-json\/wp\/v2\/comments?post=97982"}],"version-history":[{"count":1,"href":"https:\/\/www.actualidadadiario.com\/index.php\/wp-json\/wp\/v2\/posts\/97982\/revisions"}],"predecessor-version":[{"id":97984,"href":"https:\/\/www.actualidadadiario.com\/index.php\/wp-json\/wp\/v2\/posts\/97982\/revisions\/97984"}],"wp:featuredmedia":[{"embeddable":true,"href":"https:\/\/www.actualidadadiario.com\/index.php\/wp-json\/wp\/v2\/media\/97983"}],"wp:attachment":[{"href":"https:\/\/www.actualidadadiario.com\/index.php\/wp-json\/wp\/v2\/media?parent=97982"}],"wp:term":[{"taxonomy":"category","embeddable":true,"href":"https:\/\/www.actualidadadiario.com\/index.php\/wp-json\/wp\/v2\/categories?post=97982"},{"taxonomy":"post_tag","embeddable":true,"href":"https:\/\/www.actualidadadiario.com\/index.php\/wp-json\/wp\/v2\/tags?post=97982"}],"curies":[{"name":"wp","href":"https:\/\/api.w.org\/{rel}","templated":true}]}}