{"id":97979,"date":"2023-02-22T13:21:12","date_gmt":"2023-02-22T16:21:12","guid":{"rendered":"https:\/\/www.actualidadadiario.com\/?p=97979"},"modified":"2023-02-22T13:21:12","modified_gmt":"2023-02-22T16:21:12","slug":"alberto-fernandez-se-prepara-para-abrir-las-sesiones-ordinarias-del-congreso","status":"publish","type":"post","link":"https:\/\/www.actualidadadiario.com\/index.php\/2023\/02\/22\/alberto-fernandez-se-prepara-para-abrir-las-sesiones-ordinarias-del-congreso\/","title":{"rendered":"Alberto Fern\u00e1ndez se prepara para abrir las sesiones ordinarias del Congreso"},"content":{"rendered":"<p style=\"text-align: center;\"><em><strong>Los ejes del discurso presidencial y la ambici\u00f3n de sostener la posibilidad de ir por la reelecci\u00f3n. Inc\u00f3gnitas sobre el comportamiento de la oposici\u00f3n y la asistencia de los jueces de la Corte Suprema<\/strong><\/em><\/p>\n<p>&nbsp;<\/p>\n<p>&nbsp;<\/p>\n<p>En menos de una semana, Alberto Fern\u00e1ndez abrir\u00e1 el primero de marzo y ante la Asamblea Legislativa el periodo de sesiones ordinarias del Congreso en el \u00faltimo a\u00f1o de su mandato, cruzado por la campa\u00f1a electoral. Ser\u00e1 el reencuentro cara a cara del Presidente con Cristina Fern\u00e1ndez de Kirchner, en medio del clamor de una parte importante del Frente de Todos para que la vicepresidenta desista de su decisi\u00f3n de no presentarse en la contienda electoral tras la condena del Poder Judicial que \u201cbusca su proscripci\u00f3n\u201d. En ese marco, Fern\u00e1ndez defender\u00e1 en su discurso la gesti\u00f3n de Gobierno con la aspiraci\u00f3n de volver a encabezar la boleta del oficialismo en busca de su reelecci\u00f3n. Todo en medio de la disputa interna en la coalici\u00f3n por la estrategia con que ir\u00e1 a la disputa electoral. Mientras que la principal alianza opositora de Juntos por el Cambio (tambi\u00e9n envuelta en una dur\u00edsima pelea intestina), insistir\u00e1 en sus cr\u00edticas a la administraci\u00f3n oficialista para fortalecer sus pretensiones electorales de volver a la Casa Rosada; al tiempo que har\u00e1 gala de su fuerza legislativa que abroquelada en defensa de los miembros de la Corte Suprema de Justicia paraliz\u00f3 el Congreso y frustr\u00f3 el ambicioso temario que el Presidente envi\u00f3 para las sesiones extraordinarias.<\/p>\n<p>&nbsp;<\/p>\n<p><strong>Defensa de la gesti\u00f3n<\/strong><\/p>\n<p>En medio de sus cada vez m\u00e1s frecuentes apariciones p\u00fablicas y recorridos por distintas provincias, Alberto Fern\u00e1ndez elabora junto a sus colaboradores m\u00e1s fieles el discurso que desarrollar\u00e1 ante la Asamblea Legislativa. Un texto que tendr\u00e1 entre sus ejes la defensa de su gesti\u00f3n.<\/p>\n<p>El Congreso ya no ser\u00e1 el mismo escenario de marzo de 2002, donde todav\u00eda abundaban los barbijos entre los asistentes. Sin embargo, el Presidente insistir\u00e1 \u2013como repite en muchas ocasiones\u2014 con las dificultades econ\u00f3micas que encontr\u00f3 el comienzo de su gobierno con la pandemia de la covid 19 y que acrecent\u00f3 la crisis econ\u00f3mica global que produce la guerra Rusia-Ucrania. All\u00ed volver\u00e1 a desempolvar todas las medidas que tom\u00f3 el gobierno para afrontar la crisis.<\/p>\n<p>Las dificultades econ\u00f3micas ser\u00e1 uno de los ejes que abordar\u00e1 el Presidente. Por eso tampoco se descarta que haga menci\u00f3n al fuert\u00edsimo endeudamiento externo y el acuerdo con el Fondo Monetario Internacional (FMI) que hered\u00f3 del gobierno de Mauricio Macri y condicion\u00f3 la econom\u00eda dom\u00e9stica. Un tema que en 2002 desat\u00f3 la ira del macrismo, cuando Fern\u00e1ndez no descart\u00f3 las consecuencias judiciales para Macri por el acuerdo firmado con el FMI, pese a su decisi\u00f3n de que el Congreso ratifique la renegociaci\u00f3n que el Gobierno emprendi\u00f3 con el organismo multilateral de cr\u00e9dito.<\/p>\n<p>Los legisladores del PRO, entonces, se levantaron y a los gritos abandonaron la Asamblea Legislativa. Lo que mostr\u00f3 fisuras en la alianza opositora, ya que sus socios pol\u00edticos de la UCR y otros aliados se mantuvieron en sus bancas.<\/p>\n<p>La escalada inflacionaria y el deterioro salarial no podr\u00e1n faltar entre sus menciones. El Presidente buscar\u00e1 all\u00ed apoyar y fortalecer las medidas que impulsa el ministro de Econom\u00eda Sergio Massa, para surfear la crisis y tratar de domesticarla.<\/p>\n<p>&nbsp;<\/p>\n<p><strong>Cara a cara con CFK<\/strong><\/p>\n<p>De todas maneras, el discurso presidencial estar\u00e1 cruzado por la disputa electoral de este a\u00f1o. La Asamblea Legislativa ser\u00e1 el escenario del reencuentro del Presidente con su vice, tras largos periodos de distanciamientos y cruces por la pol\u00edtica econ\u00f3mica del Gobierno. Y ahora por la estrategia electoral del oficialismo.<\/p>\n<p>El presidente har\u00e1 de uno de sus ejes principales de su discurso, la resoluci\u00f3n que adopt\u00f3 la Mesa Nacional del FdT que se pronunci\u00f3 en contra de \u201cla proscripci\u00f3n de Cristina\u201d que impuso el Poder Judicial con la sentencia que la conden\u00f3 en la llamada causa Vialidad.<\/p>\n<p>Fern\u00e1ndez sostiene que existe una persecuci\u00f3n judicial contra su compa\u00f1era de f\u00f3rmula y que el proceso de investigaci\u00f3n que llev\u00f3 adelante el fiscal Diego Luciani en la causa Vialidad est\u00e1 viciado. Adem\u00e1s, considera que la causa por la que Cristina Kirchner fue condenada a 6 a\u00f1os de prisi\u00f3n e inhabilitada para ejercer cargos p\u00fablicos, no tiene sustento jur\u00eddico.<\/p>\n<p>Con lo que el Presidente volver\u00e1 a cuestionar al Poder Judicial y en especial a la CSJ, como impulsor del juicio pol\u00edtico a sus miembros que firm\u00f3 junto a los gobernadores peronistas. Un tema en el que el FdT no hay fisuras.<\/p>\n<p>Aunque subsisten las diferencias en el plano electoral. La Mesa Nacional del FdT tambi\u00e9n resolvi\u00f3 \u201corganizar una comisi\u00f3n que entreviste a CFK con el objetivo que revierta su decisi\u00f3n de no postularse en estas elecciones a ninguna candidatura\u201d. \u201c&#8221;Fue claro en todas las intervenciones que Cristina es la que concita mayor nivel de adhesi\u00f3n y que esta situaci\u00f3n de proscripci\u00f3n tiene que ver con maniatar al peronismo y eso es inaceptable&#8221;, dijo tras el encuentro el funcionario bonaerense y dirigente de La C\u00e1mpora, Andr\u00e9s \u201cCuervo\u201d Larroque.<\/p>\n<p>En tanto, los alineados con el Presidente, defendieron all\u00ed la pretensi\u00f3n de Alberto Fern\u00e1ndez de buscar su reelecci\u00f3n y las Paso como metodolog\u00eda para dirimir las candidaturas. Algo que en el kirchnerismo consideran inviable y tener que enfrentar en una interna al presidente de su propio Gobierno. Un tema a\u00fan sin resolver en el oficialismo.<\/p>\n<p>&nbsp;<\/p>\n<p><strong>Dudas<\/strong><\/p>\n<p>Quiz\u00e1, una de las inc\u00f3gnitas que plantea la Asamblea Legislativa del pr\u00f3ximo jueves, ser\u00e1 cu\u00e1l ser\u00e1 el comportamiento en el recinto de la C\u00e1mara de Diputados que llevar\u00e1 adelante la alianza opositora de JpC.<\/p>\n<p>Si dise\u00f1ar\u00e1n una estrategia com\u00fan ante determinadas opiniones que vierta el Presidente sobre el Gobierno macrista. O quedar\u00e1 a la interpretaci\u00f3n que puedan hacer los legisladores de cada uno de los diez bloques partidarios que conforman el interbloque opositor.<\/p>\n<p>Otras de las inc\u00f3gnitas, ser\u00e1 si los miembros de la CSJ estar\u00e1n presentes o no en el recinto durante la Asamblea Legislativa tras el comienzo del juicio pol\u00edtico en la C\u00e1mara de Diputados que busca sus destituciones. La postura que adopten Horacio Rosatti, Carlos Rosenkrantz, Ricardo Lorenzetti y Juan Carlos Maqueda marcar\u00e1 tambi\u00e9n el grado de confrontaci\u00f3n entre distintos poderes del Estado y si los cortesanos est\u00e1n dispuestos o no a escalar el conflicto.<\/p>\n","protected":false},"excerpt":{"rendered":"<p>Los ejes del discurso presidencial y la ambici\u00f3n de sostener la posibilidad de ir por la reelecci\u00f3n. Inc\u00f3gnitas sobre el comportamiento de la oposici\u00f3n y la asistencia de los jueces de la Corte Suprema &nbsp; &nbsp; En menos de una semana, Alberto Fern\u00e1ndez abrir\u00e1 el primero de marzo y ante la Asamblea Legislativa el periodo de sesiones ordinarias del Congreso en el \u00faltimo a\u00f1o de su mandato, cruzado por la campa\u00f1a electoral. Ser\u00e1 el reencuentro cara a cara del Presidente con Cristina Fern\u00e1ndez de Kirchner, en medio del clamor de&#8230;<\/p>\n","protected":false},"author":3,"featured_media":97980,"comment_status":"closed","ping_status":"closed","sticky":false,"template":"","format":"standard","meta":[],"categories":[9],"tags":[],"_links":{"self":[{"href":"https:\/\/www.actualidadadiario.com\/index.php\/wp-json\/wp\/v2\/posts\/97979"}],"collection":[{"href":"https:\/\/www.actualidadadiario.com\/index.php\/wp-json\/wp\/v2\/posts"}],"about":[{"href":"https:\/\/www.actualidadadiario.com\/index.php\/wp-json\/wp\/v2\/types\/post"}],"author":[{"embeddable":true,"href":"https:\/\/www.actualidadadiario.com\/index.php\/wp-json\/wp\/v2\/users\/3"}],"replies":[{"embeddable":true,"href":"https:\/\/www.actualidadadiario.com\/index.php\/wp-json\/wp\/v2\/comments?post=97979"}],"version-history":[{"count":1,"href":"https:\/\/www.actualidadadiario.com\/index.php\/wp-json\/wp\/v2\/posts\/97979\/revisions"}],"predecessor-version":[{"id":97981,"href":"https:\/\/www.actualidadadiario.com\/index.php\/wp-json\/wp\/v2\/posts\/97979\/revisions\/97981"}],"wp:featuredmedia":[{"embeddable":true,"href":"https:\/\/www.actualidadadiario.com\/index.php\/wp-json\/wp\/v2\/media\/97980"}],"wp:attachment":[{"href":"https:\/\/www.actualidadadiario.com\/index.php\/wp-json\/wp\/v2\/media?parent=97979"}],"wp:term":[{"taxonomy":"category","embeddable":true,"href":"https:\/\/www.actualidadadiario.com\/index.php\/wp-json\/wp\/v2\/categories?post=97979"},{"taxonomy":"post_tag","embeddable":true,"href":"https:\/\/www.actualidadadiario.com\/index.php\/wp-json\/wp\/v2\/tags?post=97979"}],"curies":[{"name":"wp","href":"https:\/\/api.w.org\/{rel}","templated":true}]}}