{"id":97974,"date":"2023-02-22T13:19:43","date_gmt":"2023-02-22T16:19:43","guid":{"rendered":"https:\/\/www.actualidadadiario.com\/?p=97974"},"modified":"2023-02-22T13:19:43","modified_gmt":"2023-02-22T16:19:43","slug":"jubilados-la-anses-oficializo-el-aumento-de-marzo-y-anuncio-el-calendario-de-pagos","status":"publish","type":"post","link":"https:\/\/www.actualidadadiario.com\/index.php\/2023\/02\/22\/jubilados-la-anses-oficializo-el-aumento-de-marzo-y-anuncio-el-calendario-de-pagos\/","title":{"rendered":"Jubilados: la ANSES oficializ\u00f3 el aumento de marzo y anunci\u00f3 el calendario de pagos"},"content":{"rendered":"<p style=\"text-align: center;\"><em><strong>La Administraci\u00f3n Nacional de Seguridad Social (ANSES) oficializ\u00f3 el aumento de 17,04% del \u00edndice de movilidad a partir de marzo, y public\u00f3 el calendario de pagos para dicho mes, abril y mayo pr\u00f3ximos para el cobro de haberes y pensiones no contributivas<\/strong><\/em><\/p>\n<p>&nbsp;<\/p>\n<p>&nbsp;<\/p>\n<p>&nbsp;<\/p>\n<p>La Administraci\u00f3n Nacional de Seguridad Social (ANSES) oficializ\u00f3 el aumento de 17,04% del \u00edndice de movilidad a partir de marzo, y public\u00f3 el calendario de pagos para dicho mes, abril y mayo pr\u00f3ximos para el cobro de haberes y pensiones no contributivas. Lo hizo a trav\u00e9s de las resoluciones 27\/2023 y 28\/2023, publicadas hoy en el Bolet\u00edn Oficial.<\/p>\n<p>Con el incremento de 17,04% -el primero de los cuatro que se otorgar\u00e1n en el a\u00f1o- la jubilaci\u00f3n m\u00ednima ascender\u00e1 de $50.124 a $58.665,12.<\/p>\n<p>Adem\u00e1s, al aumento correspondiente por la Ley de Movilidad se le sumar\u00e1 un bono de refuerzo de $15.000 para las jubilaciones y pensiones de hasta dos haberes m\u00ednimos.<\/p>\n<p>Este bono -que se abonar\u00e1 en marzo, abril y mayo- permitir\u00e1 que ninguna jubilaci\u00f3n quede por debajo de los $ 73.665. El mismo ir\u00e1 decreciendo de forma progresiva hasta los $ 5.000 para los que perciban hasta dos haberes m\u00ednimos, es decir hasta quienes cobren $117.330.<\/p>\n<p>Adem\u00e1s de las jubilaciones y pensiones, el aumento tambi\u00e9n regir\u00e1 para las diversas asignaciones familiares, las cuales tendr\u00e1n un nuevo tope de ingresos que pasar\u00e1 de $158.366 a $404.062.<\/p>\n<p>&nbsp;<\/p>\n<p><strong>Calendario de pagos<\/strong><\/p>\n<p>Respecto de las fechas de pago, en marzo los beneficiarios de pensiones no contributivas cobrar\u00e1n sus montos entre el 1 de marzo y el 7 de marzo, entre el 3 y el 11 de abril y entre el 2 y el 8 de mayo, de acuerdo con la terminaci\u00f3n de documento.<\/p>\n<p>Por su parte, los jubilados cuyos haberes m\u00ednimos sean de $58.665,12 recibir\u00e1n el mismo junto con el bono de refuerzo entre el 8 y el 21 de marzo, entre el 12 y el 21 de abril, y entre el 9 y el 22 de mayo, tambi\u00e9n seg\u00fan la finalizaci\u00f3n del documento.<\/p>\n<p>En tanto, los beneficiarios cuyos montos superen el de la jubilaci\u00f3n m\u00ednima, cobrar\u00e1n entre el 22 y el 29 de marzo, entre el 24 y el 28 de abril, y entre el 23 y el 31 de mayo.<\/p>\n","protected":false},"excerpt":{"rendered":"<p>La Administraci\u00f3n Nacional de Seguridad Social (ANSES) oficializ\u00f3 el aumento de 17,04% del \u00edndice de movilidad a partir de marzo, y public\u00f3 el calendario de pagos para dicho mes, abril y mayo pr\u00f3ximos para el cobro de haberes y pensiones no contributivas &nbsp; &nbsp; &nbsp; La Administraci\u00f3n Nacional de Seguridad Social (ANSES) oficializ\u00f3 el aumento de 17,04% del \u00edndice de movilidad a partir de marzo, y public\u00f3 el calendario de pagos para dicho mes, abril y mayo pr\u00f3ximos para el cobro de haberes y pensiones no contributivas. Lo hizo a&#8230;<\/p>\n","protected":false},"author":3,"featured_media":79899,"comment_status":"closed","ping_status":"closed","sticky":false,"template":"","format":"standard","meta":[],"categories":[2],"tags":[],"_links":{"self":[{"href":"https:\/\/www.actualidadadiario.com\/index.php\/wp-json\/wp\/v2\/posts\/97974"}],"collection":[{"href":"https:\/\/www.actualidadadiario.com\/index.php\/wp-json\/wp\/v2\/posts"}],"about":[{"href":"https:\/\/www.actualidadadiario.com\/index.php\/wp-json\/wp\/v2\/types\/post"}],"author":[{"embeddable":true,"href":"https:\/\/www.actualidadadiario.com\/index.php\/wp-json\/wp\/v2\/users\/3"}],"replies":[{"embeddable":true,"href":"https:\/\/www.actualidadadiario.com\/index.php\/wp-json\/wp\/v2\/comments?post=97974"}],"version-history":[{"count":1,"href":"https:\/\/www.actualidadadiario.com\/index.php\/wp-json\/wp\/v2\/posts\/97974\/revisions"}],"predecessor-version":[{"id":97975,"href":"https:\/\/www.actualidadadiario.com\/index.php\/wp-json\/wp\/v2\/posts\/97974\/revisions\/97975"}],"wp:featuredmedia":[{"embeddable":true,"href":"https:\/\/www.actualidadadiario.com\/index.php\/wp-json\/wp\/v2\/media\/79899"}],"wp:attachment":[{"href":"https:\/\/www.actualidadadiario.com\/index.php\/wp-json\/wp\/v2\/media?parent=97974"}],"wp:term":[{"taxonomy":"category","embeddable":true,"href":"https:\/\/www.actualidadadiario.com\/index.php\/wp-json\/wp\/v2\/categories?post=97974"},{"taxonomy":"post_tag","embeddable":true,"href":"https:\/\/www.actualidadadiario.com\/index.php\/wp-json\/wp\/v2\/tags?post=97974"}],"curies":[{"name":"wp","href":"https:\/\/api.w.org\/{rel}","templated":true}]}}