{"id":97958,"date":"2023-02-17T14:49:26","date_gmt":"2023-02-17T17:49:26","guid":{"rendered":"https:\/\/www.actualidadadiario.com\/?p=97958"},"modified":"2023-02-17T14:49:26","modified_gmt":"2023-02-17T17:49:26","slug":"es-una-pena-de-por-vida-dijo-la-fiscal-del-caso-lucio-dupuy","status":"publish","type":"post","link":"https:\/\/www.actualidadadiario.com\/index.php\/2023\/02\/17\/es-una-pena-de-por-vida-dijo-la-fiscal-del-caso-lucio-dupuy\/","title":{"rendered":"&#8220;Es una pena de por vida&#8221;, dijo la fiscal del caso Lucio Dupuy"},"content":{"rendered":"<p style=\"text-align: center;\"><em><strong>Una de las fiscales que particip\u00f3 del juicio por el crimen del ni\u00f1o Lucio Dupuy aclar\u00f3 hoy que, por m\u00e1s que el tribunal no haya dispuesto la accesoria por tiempo indeterminado, la prisi\u00f3n perpetua impuesta hoy para las condenadas Magdalena Esp\u00f3sito Valenti y Abigail P\u00e1ez \u201ces una pena de por vida\u201d porque por la gravedad del delito cometido, no tendr\u00e1n la posibilidad de pedir la libertad condicional<\/strong><\/em><\/p>\n<p>&nbsp;<\/p>\n<p>&nbsp;<\/p>\n<p>Una de las fiscales que particip\u00f3 del juicio por el crimen del ni\u00f1o Lucio Dupuy aclar\u00f3 este viernes que por m\u00e1s que el tribunal no haya dispuesto la accesoria por tiempo indeterminado, la prisi\u00f3n perpetua impuesta para las condenadas Magdalena Esp\u00f3sito Valenti y Abigail P\u00e1ez \u201ces una pena de por vida\u201d porque, por la gravedad del delito cometido, no tendr\u00e1n la posibilidad de pedir la libertad condicional.<\/p>\n<p>\u201cFiscal\u00eda y querella hab\u00edan pedido tambi\u00e9n la imposici\u00f3n del art\u00edculo 52 que es la accesoria por tiempo indeterminado, pero lo que tienen que saber es que esta prisi\u00f3n perpetua que acaban de disponer los jueces es una pena de por vida; no tienen posibilidad de salir en libertad\u201d, afirm\u00f3 la fiscal Ver\u00f3nica Ferrero a la prensa, tras la lectura de la imposici\u00f3n de penas.<\/p>\n<p>Ferrero explic\u00f3 que \u201cel art\u00edculo 14 (del C\u00f3digo Penal) establece que las personas que son condenadas por este delito no pueden pedir, transcurridos los 35 a\u00f1os, ni ning\u00fan t\u00e9rmino, la libertad condicional\u201d.<\/p>\n<p>Para la fiscal, la resoluci\u00f3n del tribunal \u201ces conforme a lo establecido en la Ley y en los fallos jurisprudenciales que est\u00e1n en vigencia\u201d.<\/p>\n<p>Consultada sobre qu\u00e9 es la \u201caccesoria del art\u00edculo 12\u201d que el tribunal les impuso a ambas condenadas, la fiscal coment\u00f3 que \u201ces una inhabilitaci\u00f3n especial que establece el C\u00f3digo Penal respecto de la administraci\u00f3n de bienes y dem\u00e1s, que toda persona condenada a m\u00e1s de 3 a\u00f1os de prisi\u00f3n, la pierde\u201d.<\/p>\n<p>Ferrero tambi\u00e9n se\u00f1al\u00f3 que, desde la fiscal\u00eda, est\u00e1n \u201canalizando\u201d apelar la absoluci\u00f3n que se dispuso en torno al delito de abuso sexual, para la madre de la v\u00edctima, Magdalena Esp\u00f3sito Valenti.<\/p>\n<p>\u201cVa a haber una impugnaci\u00f3n en ese sentido, no porque vaya a modificar la pena, porque ya le pusieron la pena m\u00e1s grave que prev\u00e9 el C\u00f3digo Penal argentino, sino que es una cuesti\u00f3n de que los hechos ocurrieron de esa manera y queremos que est\u00e9 establecido en la sentencia\u201d, opin\u00f3.<\/p>\n<p>Sobre por qu\u00e9 no lleg\u00f3 a condenarse con el agravante del odio de g\u00e9nero, Ferrero aclar\u00f3 que eso no fue solicitado por la fiscal\u00eda porque se hicieron \u201cdos pericias psicol\u00f3gicas y psiqui\u00e1tricas a ambas acusadas que no daban cuenta de que exist\u00eda odio de g\u00e9nero, es decir que le hubieran dado muerte a Lucio Dupuy por una cuesti\u00f3n de su g\u00e9nero\u201d.<\/p>\n<p>\u201cLa querella s\u00ed lo sostuvo porque ellos cuentan con una pericia de un profesional que contrataron que les daba cuenta de que esta posibilidad exist\u00eda. La querella lo sostiene y seguramente ser\u00e1 materia de impugnaci\u00f3n\u201d, agreg\u00f3 sobre el tema.<\/p>\n<p>Por \u00faltimo, se refiri\u00f3 a d\u00f3nde y en qu\u00e9 condiciones las condenadas cumplir\u00e1n la pena, y, en ese sentido, aclar\u00f3: \u201cPor ahora van a quedar alojadas donde est\u00e1n -la unidad penal de San Luis-, y posteriormente ser\u00e1 disposici\u00f3n y decisi\u00f3n del Sistema Penitenciario Federal si van a quedar juntas o ser\u00e1n separadas. No es una decisi\u00f3n que tome la fiscal\u00eda o los jueces\u201d.<\/p>\n","protected":false},"excerpt":{"rendered":"<p>Una de las fiscales que particip\u00f3 del juicio por el crimen del ni\u00f1o Lucio Dupuy aclar\u00f3 hoy que, por m\u00e1s que el tribunal no haya dispuesto la accesoria por tiempo indeterminado, la prisi\u00f3n perpetua impuesta hoy para las condenadas Magdalena Esp\u00f3sito Valenti y Abigail P\u00e1ez \u201ces una pena de por vida\u201d porque por la gravedad del delito cometido, no tendr\u00e1n la posibilidad de pedir la libertad condicional &nbsp; &nbsp; Una de las fiscales que particip\u00f3 del juicio por el crimen del ni\u00f1o Lucio Dupuy aclar\u00f3 este viernes que por m\u00e1s&#8230;<\/p>\n","protected":false},"author":3,"featured_media":97959,"comment_status":"closed","ping_status":"closed","sticky":false,"template":"","format":"standard","meta":[],"categories":[4],"tags":[],"_links":{"self":[{"href":"https:\/\/www.actualidadadiario.com\/index.php\/wp-json\/wp\/v2\/posts\/97958"}],"collection":[{"href":"https:\/\/www.actualidadadiario.com\/index.php\/wp-json\/wp\/v2\/posts"}],"about":[{"href":"https:\/\/www.actualidadadiario.com\/index.php\/wp-json\/wp\/v2\/types\/post"}],"author":[{"embeddable":true,"href":"https:\/\/www.actualidadadiario.com\/index.php\/wp-json\/wp\/v2\/users\/3"}],"replies":[{"embeddable":true,"href":"https:\/\/www.actualidadadiario.com\/index.php\/wp-json\/wp\/v2\/comments?post=97958"}],"version-history":[{"count":1,"href":"https:\/\/www.actualidadadiario.com\/index.php\/wp-json\/wp\/v2\/posts\/97958\/revisions"}],"predecessor-version":[{"id":97960,"href":"https:\/\/www.actualidadadiario.com\/index.php\/wp-json\/wp\/v2\/posts\/97958\/revisions\/97960"}],"wp:featuredmedia":[{"embeddable":true,"href":"https:\/\/www.actualidadadiario.com\/index.php\/wp-json\/wp\/v2\/media\/97959"}],"wp:attachment":[{"href":"https:\/\/www.actualidadadiario.com\/index.php\/wp-json\/wp\/v2\/media?parent=97958"}],"wp:term":[{"taxonomy":"category","embeddable":true,"href":"https:\/\/www.actualidadadiario.com\/index.php\/wp-json\/wp\/v2\/categories?post=97958"},{"taxonomy":"post_tag","embeddable":true,"href":"https:\/\/www.actualidadadiario.com\/index.php\/wp-json\/wp\/v2\/tags?post=97958"}],"curies":[{"name":"wp","href":"https:\/\/api.w.org\/{rel}","templated":true}]}}