{"id":97953,"date":"2023-02-17T14:48:03","date_gmt":"2023-02-17T17:48:03","guid":{"rendered":"https:\/\/www.actualidadadiario.com\/?p=97953"},"modified":"2023-02-17T14:48:03","modified_gmt":"2023-02-17T17:48:03","slug":"rio-de-janeiro-da-inicio-a-su-carnaval-para-alejar-las-tinieblas","status":"publish","type":"post","link":"https:\/\/www.actualidadadiario.com\/index.php\/2023\/02\/17\/rio-de-janeiro-da-inicio-a-su-carnaval-para-alejar-las-tinieblas\/","title":{"rendered":"Rio de Janeiro da inicio a su carnaval para alejar las &#8220;tinieblas&#8221;"},"content":{"rendered":"<p style=\"text-align: center;\"><em><strong>Desde este domingo, Rio de Janeiro celebra su tradicional carnaval, marcado en este caso por la asunci\u00f3n de Lula Da Silva y el fin de las restricciones de la pandemia<\/strong><\/em><\/p>\n<p>&nbsp;<\/p>\n<p>&nbsp;<\/p>\n<p>Con el esplendor de sus escuelas de samba, Rio de Janeiro celebra el domingo y el lunes su famoso carnaval, marcado este a\u00f1o por un mayor optimismo tras el cambio de gobierno y el fin de las restricciones de la pandemia por el Covid-19.<\/p>\n<p>Mientras cientos de &#8220;blocos&#8221; callejeros contin\u00faan animando desde la semana pasada las calles con sus comparsas carnavalescas, las &#8220;escolas&#8221; ultiman los detalles de sus suntuosos desfiles en el Samb\u00f3dromo.<\/p>\n<p>&#8220;Siempre damos lo mejor. No tenemos horarios, trabajamos de madrugada. Todo para hacer al p\u00fablico feliz&#8221;, dijo a la AFP Rogerio Sampaio, uno de los numerosos miembros de la escuela Viradouro que pasaron los \u00faltimos meses confeccionando disfraces en los galpones de la Ciudad de la Samba, en el centro de Rio.<\/p>\n<p>La ciudad se entregar\u00e1 oficialmente a los brazos de la fiesta cuando el &#8220;Rey Momo&#8221; reciba simb\u00f3licamente este viernes las llaves de la ciudad de parte del alcalde, Eduardo Paes, quien define el carnaval como &#8220;el mayor espect\u00e1culo en la Tierra&#8221;.<\/p>\n<p>La Liga Independiente de las Escuelas de Samba (LIESA) espera un p\u00fablico de 100.000 personas por noche en el Samb\u00f3dromo, contando los m\u00e1s de 70.000 espectadores que caben en el recinto y los integrantes de las 12 escuelas.<\/p>\n<p>Adem\u00e1s de ser el primer carnaval sin restricciones sanitarias, es el primero desde que el izquierdista Luiz In\u00e1cio Lula da Silva asumi\u00f3 la presidencia, tras derrotar al ultraderechista Jair Bolsonaro, cr\u00edtico de la fiesta.<\/p>\n<p>Las agrupaciones tienen entre 60 y 70 minutos para desfilar por la Avenida Marqu\u00e9s de Sapuca\u00ed (nombre oficial del Samb\u00f3dromo) e impresionar a los jurados, que analizar\u00e1n categor\u00edas como tema del desfile, samba, bater\u00eda de percusi\u00f3n, trajes y carrozas.<\/p>\n<p>Con sus trajes, carros gigantes y danza fren\u00e9tica, las &#8220;escolas&#8221;, nacidas en las favelas de Rio, cuentan diferentes historias.<\/p>\n<p>En los \u00faltimos a\u00f1os, denunciaron de forma m\u00e1s o menos expl\u00edcita al gobierno de Bolsonaro, criticado por haber socavado los derechos de las minor\u00edas.<\/p>\n<p>Y en los desfiles de este a\u00f1o, que empezaron a preparar a principios del pasado, vuelven a abordar temas sociales y pol\u00edticos, como las ra\u00edces africanas de Brasil, personajes emblem\u00e1ticos de la samba o las tradiciones culturales de la desfavorecida regi\u00f3n del noreste.<\/p>\n<p>&#8220;El carnaval es un espejo de Brasil en di\u00e1logo con la cultura popular&#8221;, dijo a la revista Veja Leandro Vieira, director art\u00edstico de Imperatriz Leopoldinense.<\/p>\n<p>&#8220;Es un momento en que Brasil (&#8230;) ya sea en la cultura popular o en el campo pol\u00edtico, precisa reafirmar aquello que tiene de mejor. No es una coincidencia, es la luz despu\u00e9s de las tinieblas&#8221;, agreg\u00f3.<\/p>\n<p>As\u00ed, Emperatriz hablar\u00e1 de Lampiao, el m\u00e1s famoso bandolero en la historia de Brasil, considerado un h\u00e9roe por unos y un mero bandido por otros.<\/p>\n<p>Mangueira rendir\u00e1 homenaje al estado de Bahia y sus ra\u00edces africanas, y contar\u00e1 entre sus m\u00e1s de 3.000 componentes con la nueva ministra de Cultura, la cantante Margareth Menezes.<\/p>\n<p>Al menos otras dos escuelas traer\u00e1n a la pasarela culturas del noreste, como Mocidade y Tuiut\u00ed.<\/p>\n<p>Grande Rio, campeona del desfile en 2022, homenajear\u00e1 al cantante Zeca Pagodinho, \u00edcono vivo de la samba y la cultura carioca de m\u00fasica, cerveza helada y amistad.<\/p>\n<p>La tradicional escuela Portela celebra su centenario con un &#8220;enredo&#8221; sobre su propia historia. Y Salgueiro recordar\u00e1 al &#8220;carnavalesco&#8221; Jo\u00e3osinho Trinta, quien moderniz\u00f3 los desfiles de Rio a fines de los 80 introduciendo carrozas ostentosas y otras propuestas osadas.<\/p>\n<p>Adem\u00e1s de su habitual cr\u00edtica social, &#8220;este a\u00f1o Sapuca\u00ed es una gran expresi\u00f3n de alegr\u00eda, de la vida y las conquistas, de las situaciones superadas&#8221;, dice a la AFP Adair Rocha, director del departamento de Cultura de la Universidad del Estado de Rio de Janeiro.<\/p>\n<p>La Alcald\u00eda estima que el carnaval -incluido el Samb\u00f3dromo y el carnaval callejero- mover\u00e1 este a\u00f1o 4.500 millones de reales (USD 880 millones) en la econom\u00eda local, incluida una ocupaci\u00f3n hotelera prevista superior al 95%.<\/p>\n<p>En el carnaval callejero proyectan la participaci\u00f3n de cinco millones de personas, para lo cual la Alcald\u00eda instal\u00f3 34.000 ba\u00f1os p\u00fablicos por la ciudad.<\/p>\n<p>El servicio p\u00fablico de limpieza recoge cada a\u00f1o unas mil toneladas de residuos durante los d\u00edas de fiesta.<\/p>\n","protected":false},"excerpt":{"rendered":"<p>Desde este domingo, Rio de Janeiro celebra su tradicional carnaval, marcado en este caso por la asunci\u00f3n de Lula Da Silva y el fin de las restricciones de la pandemia &nbsp; &nbsp; Con el esplendor de sus escuelas de samba, Rio de Janeiro celebra el domingo y el lunes su famoso carnaval, marcado este a\u00f1o por un mayor optimismo tras el cambio de gobierno y el fin de las restricciones de la pandemia por el Covid-19. Mientras cientos de &#8220;blocos&#8221; callejeros contin\u00faan animando desde la semana pasada las calles con&#8230;<\/p>\n","protected":false},"author":3,"featured_media":97954,"comment_status":"closed","ping_status":"closed","sticky":false,"template":"","format":"standard","meta":[],"categories":[4],"tags":[],"_links":{"self":[{"href":"https:\/\/www.actualidadadiario.com\/index.php\/wp-json\/wp\/v2\/posts\/97953"}],"collection":[{"href":"https:\/\/www.actualidadadiario.com\/index.php\/wp-json\/wp\/v2\/posts"}],"about":[{"href":"https:\/\/www.actualidadadiario.com\/index.php\/wp-json\/wp\/v2\/types\/post"}],"author":[{"embeddable":true,"href":"https:\/\/www.actualidadadiario.com\/index.php\/wp-json\/wp\/v2\/users\/3"}],"replies":[{"embeddable":true,"href":"https:\/\/www.actualidadadiario.com\/index.php\/wp-json\/wp\/v2\/comments?post=97953"}],"version-history":[{"count":1,"href":"https:\/\/www.actualidadadiario.com\/index.php\/wp-json\/wp\/v2\/posts\/97953\/revisions"}],"predecessor-version":[{"id":97955,"href":"https:\/\/www.actualidadadiario.com\/index.php\/wp-json\/wp\/v2\/posts\/97953\/revisions\/97955"}],"wp:featuredmedia":[{"embeddable":true,"href":"https:\/\/www.actualidadadiario.com\/index.php\/wp-json\/wp\/v2\/media\/97954"}],"wp:attachment":[{"href":"https:\/\/www.actualidadadiario.com\/index.php\/wp-json\/wp\/v2\/media?parent=97953"}],"wp:term":[{"taxonomy":"category","embeddable":true,"href":"https:\/\/www.actualidadadiario.com\/index.php\/wp-json\/wp\/v2\/categories?post=97953"},{"taxonomy":"post_tag","embeddable":true,"href":"https:\/\/www.actualidadadiario.com\/index.php\/wp-json\/wp\/v2\/tags?post=97953"}],"curies":[{"name":"wp","href":"https:\/\/api.w.org\/{rel}","templated":true}]}}