{"id":97946,"date":"2023-02-17T14:46:31","date_gmt":"2023-02-17T17:46:31","guid":{"rendered":"https:\/\/www.actualidadadiario.com\/?p=97946"},"modified":"2023-02-17T14:46:31","modified_gmt":"2023-02-17T17:46:31","slug":"masiva-huelga-en-los-aeropuertos-alemanes-suspende-miles-de-vuelos","status":"publish","type":"post","link":"https:\/\/www.actualidadadiario.com\/index.php\/2023\/02\/17\/masiva-huelga-en-los-aeropuertos-alemanes-suspende-miles-de-vuelos\/","title":{"rendered":"Masiva huelga en los aeropuertos alemanes suspende miles de vuelos"},"content":{"rendered":"<p style=\"text-align: center;\"><em><strong>Alrededor de 295.000 pasajeros se ven afectados por la cancelaci\u00f3n de unos 2.340 vuelos en siete aeropuertos de Alemania<\/strong><\/em><\/p>\n<p>&nbsp;<\/p>\n<p>&nbsp;<\/p>\n<p>La huelga de 24 horas convocada para este viernes en siete aeropuertos de Alemania afectar\u00e1 a casi 300.000 pasajeros, ya que los trabajadores sindicados insisten en sus reivindicaciones salariales. \u00abLas terminales est\u00e1n vac\u00edas esta ma\u00f1ana\u00bb, explic\u00f3 un portavoz del aeropuerto de Hamburgo, a\u00f1adiendo que muy pocos de los 32.000 viajeros afectados se hab\u00edan presentado.<\/p>\n<p>Alrededor de 295.000 pasajeros se ven afectados por la cancelaci\u00f3n de unos 2.340 vuelos en los aeropuertos de Bremen, Dortmund, Fr\u00e1ncfort, Hamburgo, Hannover, M\u00fanich y Stuttgart, seg\u00fan la asociaci\u00f3n de aeropuertos ADV. \u00abCuando miramos las terminales de los aeropuertos esta ma\u00f1ana, nos recuerda m\u00e1s a los peores d\u00edas del coronavirus y menos a una huelga\u00bb, declar\u00f3 Ralph Beisel, de la ADV.<\/p>\n<p>El sindicato alem\u00e1n Verdi anunci\u00f3 la huelga el mi\u00e9rcoles despu\u00e9s de afirmar que los esfuerzos de negociaci\u00f3n colectiva para el personal de servicios de tierra, los oficiales del sector p\u00fablico y los trabajadores de seguridad a\u00e9rea hab\u00edan avanzado poco.<\/p>\n<p>\u00abSi ahora no se hace nada con respecto a los salarios, nos espera otro verano ca\u00f3tico\u00bb, declar\u00f3 este viernes la vicepresidenta de Verdi, Christine Behle. \u00abSe trata de enviar una se\u00f1al realmente fuerte\u00bb, agreg\u00f3. La huelga coincide con la 59\u00aa Conferencia de Seguridad de M\u00fanich (MSC), inform\u00f3 Reuters.<\/p>\n<p>El ministro de Asuntos Exteriores de Ruman\u00eda, Bogdan Aurescu, que ten\u00eda previsto llegar en uno de los vuelos cancelados, volar\u00e1 en su lugar a Austria y despu\u00e9s har\u00e1 el trayecto de m\u00e1s de cuatro horas hasta M\u00fanich, seg\u00fan inform\u00f3 un portavoz de la embajada rumana.<\/p>\n","protected":false},"excerpt":{"rendered":"<p>Alrededor de 295.000 pasajeros se ven afectados por la cancelaci\u00f3n de unos 2.340 vuelos en siete aeropuertos de Alemania &nbsp; &nbsp; La huelga de 24 horas convocada para este viernes en siete aeropuertos de Alemania afectar\u00e1 a casi 300.000 pasajeros, ya que los trabajadores sindicados insisten en sus reivindicaciones salariales. \u00abLas terminales est\u00e1n vac\u00edas esta ma\u00f1ana\u00bb, explic\u00f3 un portavoz del aeropuerto de Hamburgo, a\u00f1adiendo que muy pocos de los 32.000 viajeros afectados se hab\u00edan presentado. Alrededor de 295.000 pasajeros se ven afectados por la cancelaci\u00f3n de unos 2.340 vuelos en&#8230;<\/p>\n","protected":false},"author":3,"featured_media":97948,"comment_status":"closed","ping_status":"closed","sticky":false,"template":"","format":"standard","meta":[],"categories":[4],"tags":[],"_links":{"self":[{"href":"https:\/\/www.actualidadadiario.com\/index.php\/wp-json\/wp\/v2\/posts\/97946"}],"collection":[{"href":"https:\/\/www.actualidadadiario.com\/index.php\/wp-json\/wp\/v2\/posts"}],"about":[{"href":"https:\/\/www.actualidadadiario.com\/index.php\/wp-json\/wp\/v2\/types\/post"}],"author":[{"embeddable":true,"href":"https:\/\/www.actualidadadiario.com\/index.php\/wp-json\/wp\/v2\/users\/3"}],"replies":[{"embeddable":true,"href":"https:\/\/www.actualidadadiario.com\/index.php\/wp-json\/wp\/v2\/comments?post=97946"}],"version-history":[{"count":1,"href":"https:\/\/www.actualidadadiario.com\/index.php\/wp-json\/wp\/v2\/posts\/97946\/revisions"}],"predecessor-version":[{"id":97949,"href":"https:\/\/www.actualidadadiario.com\/index.php\/wp-json\/wp\/v2\/posts\/97946\/revisions\/97949"}],"wp:featuredmedia":[{"embeddable":true,"href":"https:\/\/www.actualidadadiario.com\/index.php\/wp-json\/wp\/v2\/media\/97948"}],"wp:attachment":[{"href":"https:\/\/www.actualidadadiario.com\/index.php\/wp-json\/wp\/v2\/media?parent=97946"}],"wp:term":[{"taxonomy":"category","embeddable":true,"href":"https:\/\/www.actualidadadiario.com\/index.php\/wp-json\/wp\/v2\/categories?post=97946"},{"taxonomy":"post_tag","embeddable":true,"href":"https:\/\/www.actualidadadiario.com\/index.php\/wp-json\/wp\/v2\/tags?post=97946"}],"curies":[{"name":"wp","href":"https:\/\/api.w.org\/{rel}","templated":true}]}}