{"id":97940,"date":"2023-02-17T14:44:52","date_gmt":"2023-02-17T17:44:52","guid":{"rendered":"https:\/\/www.actualidadadiario.com\/?p=97940"},"modified":"2023-02-17T14:44:52","modified_gmt":"2023-02-17T17:44:52","slug":"paritaria-docente-el-proximo-encuentro-se-realizara-el-miercoles","status":"publish","type":"post","link":"https:\/\/www.actualidadadiario.com\/index.php\/2023\/02\/17\/paritaria-docente-el-proximo-encuentro-se-realizara-el-miercoles\/","title":{"rendered":"Paritaria docente: el pr\u00f3ximo encuentro se realizar\u00e1 el mi\u00e9rcoles"},"content":{"rendered":"<p style=\"text-align: center;\"><em><strong>Tal como lo solicitaron los sindicatos docentes, la pr\u00f3xima reuni\u00f3n paritaria entre el gobierno provincial y ese sector se realizar\u00e1 el mi\u00e9rcoles 22 de febrero a las 12 en la Secretar\u00eda de Trabajo<\/strong><\/em><\/p>\n<p>&nbsp;<\/p>\n<p>&nbsp;<\/p>\n<p>Atento al pedido de los gremios docentes, el gobierno provincial resolvi\u00f3 dejar sin efecto la convocatoria prevista para este viernes y dar continuidad a las negociaciones el pr\u00f3ximo mi\u00e9rcoles a las 12 en la Secretar\u00eda de Trabajo y Seguridad Social con Agmer, Sadop y AMET.<\/p>\n","protected":false},"excerpt":{"rendered":"<p>Tal como lo solicitaron los sindicatos docentes, la pr\u00f3xima reuni\u00f3n paritaria entre el gobierno provincial y ese sector se realizar\u00e1 el mi\u00e9rcoles 22 de febrero a las 12 en la Secretar\u00eda de Trabajo &nbsp; &nbsp; Atento al pedido de los gremios docentes, el gobierno provincial resolvi\u00f3 dejar sin efecto la convocatoria prevista para este viernes y dar continuidad a las negociaciones el pr\u00f3ximo mi\u00e9rcoles a las 12 en la Secretar\u00eda de Trabajo y Seguridad Social con Agmer, Sadop y AMET.<\/p>\n","protected":false},"author":3,"featured_media":97941,"comment_status":"closed","ping_status":"closed","sticky":false,"template":"","format":"standard","meta":[],"categories":[9,15],"tags":[],"_links":{"self":[{"href":"https:\/\/www.actualidadadiario.com\/index.php\/wp-json\/wp\/v2\/posts\/97940"}],"collection":[{"href":"https:\/\/www.actualidadadiario.com\/index.php\/wp-json\/wp\/v2\/posts"}],"about":[{"href":"https:\/\/www.actualidadadiario.com\/index.php\/wp-json\/wp\/v2\/types\/post"}],"author":[{"embeddable":true,"href":"https:\/\/www.actualidadadiario.com\/index.php\/wp-json\/wp\/v2\/users\/3"}],"replies":[{"embeddable":true,"href":"https:\/\/www.actualidadadiario.com\/index.php\/wp-json\/wp\/v2\/comments?post=97940"}],"version-history":[{"count":1,"href":"https:\/\/www.actualidadadiario.com\/index.php\/wp-json\/wp\/v2\/posts\/97940\/revisions"}],"predecessor-version":[{"id":97942,"href":"https:\/\/www.actualidadadiario.com\/index.php\/wp-json\/wp\/v2\/posts\/97940\/revisions\/97942"}],"wp:featuredmedia":[{"embeddable":true,"href":"https:\/\/www.actualidadadiario.com\/index.php\/wp-json\/wp\/v2\/media\/97941"}],"wp:attachment":[{"href":"https:\/\/www.actualidadadiario.com\/index.php\/wp-json\/wp\/v2\/media?parent=97940"}],"wp:term":[{"taxonomy":"category","embeddable":true,"href":"https:\/\/www.actualidadadiario.com\/index.php\/wp-json\/wp\/v2\/categories?post=97940"},{"taxonomy":"post_tag","embeddable":true,"href":"https:\/\/www.actualidadadiario.com\/index.php\/wp-json\/wp\/v2\/tags?post=97940"}],"curies":[{"name":"wp","href":"https:\/\/api.w.org\/{rel}","templated":true}]}}