{"id":97936,"date":"2023-02-17T14:43:25","date_gmt":"2023-02-17T17:43:25","guid":{"rendered":"https:\/\/www.actualidadadiario.com\/?p=97936"},"modified":"2023-02-17T14:43:25","modified_gmt":"2023-02-17T17:43:25","slug":"en-entre-rios-se-cultivaron-10-mil-hectareas-menos-de-arroz","status":"publish","type":"post","link":"https:\/\/www.actualidadadiario.com\/index.php\/2023\/02\/17\/en-entre-rios-se-cultivaron-10-mil-hectareas-menos-de-arroz\/","title":{"rendered":"En Entre R\u00edos se cultivaron 10 mil hect\u00e1reas menos de arroz"},"content":{"rendered":"<p style=\"text-align: center;\"><em><strong>El \u00e1rea cultivada con arroz en la provincia experiment\u00f3 una ca\u00edda interanual del 16 %, lo que significa m\u00e1s de 10 mil hect\u00e1reas menos. De este modo, el ciclo 2022\/23 se posicion\u00f3 en el cuarto lugar de menor superficie sembrada de los \u00faltimos 23 a\u00f1os, se inform\u00f3 desde la Bolsa de Cereales de Entre R\u00edos<\/strong><\/em><\/p>\n<p>&nbsp;<\/p>\n<p>&nbsp;<\/p>\n<p>La entidad indic\u00f3 que se sembraron 54.850 hect\u00e1reas, lo que refleja que hubo una ca\u00edda interanual de la siembra de un 16% (10.150 hect\u00e1reas)<\/p>\n<p>Dentro de los principales factores que influyeron en la reducci\u00f3n del \u00e1rea se destacan:<\/p>\n<p>&#8211; Altos costos productivos y m\u00e1rgenes brutos negativos, espec\u00edficamente en la zona tradicional, donde el riego proviene de pozos profundos y existe un gasto energ\u00e9tico significativo en la extracci\u00f3n del agua.<\/p>\n<p>&#8211; Aumentos en los combustibles y en la energ\u00eda el\u00e9ctrica.<\/p>\n<p>&#8211; Represas con menor capacidad de embalse debido a las escasas precipitaciones.<\/p>\n<p>&#8211; Dificultades en la provisi\u00f3n de insumos (fundamentalmente herbicidas) y altos costos de fertilizantes nitrogenados.<\/p>\n<p>Seg\u00fan el informe, los departamentos con mayor participaci\u00f3n en la superficie sembrada fueron: Villaguay 29 %, San Salvador 16 %, La Paz 13 % y Federaci\u00f3n 12 %.<\/p>\n<p>En relaci\u00f3n a la fuente de riego, el sector de pozos abarc\u00f3 el 63 % (34.400 ha), el riego por represas el 24 % (13.250 ha) y la toma de r\u00edos y arroyos el 13 % (7.200 ha).<\/p>\n","protected":false},"excerpt":{"rendered":"<p>El \u00e1rea cultivada con arroz en la provincia experiment\u00f3 una ca\u00edda interanual del 16 %, lo que significa m\u00e1s de 10 mil hect\u00e1reas menos. De este modo, el ciclo 2022\/23 se posicion\u00f3 en el cuarto lugar de menor superficie sembrada de los \u00faltimos 23 a\u00f1os, se inform\u00f3 desde la Bolsa de Cereales de Entre R\u00edos &nbsp; &nbsp; La entidad indic\u00f3 que se sembraron 54.850 hect\u00e1reas, lo que refleja que hubo una ca\u00edda interanual de la siembra de un 16% (10.150 hect\u00e1reas) Dentro de los principales factores que influyeron en la&#8230;<\/p>\n","protected":false},"author":3,"featured_media":53778,"comment_status":"closed","ping_status":"closed","sticky":false,"template":"","format":"standard","meta":[],"categories":[15],"tags":[],"_links":{"self":[{"href":"https:\/\/www.actualidadadiario.com\/index.php\/wp-json\/wp\/v2\/posts\/97936"}],"collection":[{"href":"https:\/\/www.actualidadadiario.com\/index.php\/wp-json\/wp\/v2\/posts"}],"about":[{"href":"https:\/\/www.actualidadadiario.com\/index.php\/wp-json\/wp\/v2\/types\/post"}],"author":[{"embeddable":true,"href":"https:\/\/www.actualidadadiario.com\/index.php\/wp-json\/wp\/v2\/users\/3"}],"replies":[{"embeddable":true,"href":"https:\/\/www.actualidadadiario.com\/index.php\/wp-json\/wp\/v2\/comments?post=97936"}],"version-history":[{"count":1,"href":"https:\/\/www.actualidadadiario.com\/index.php\/wp-json\/wp\/v2\/posts\/97936\/revisions"}],"predecessor-version":[{"id":97937,"href":"https:\/\/www.actualidadadiario.com\/index.php\/wp-json\/wp\/v2\/posts\/97936\/revisions\/97937"}],"wp:featuredmedia":[{"embeddable":true,"href":"https:\/\/www.actualidadadiario.com\/index.php\/wp-json\/wp\/v2\/media\/53778"}],"wp:attachment":[{"href":"https:\/\/www.actualidadadiario.com\/index.php\/wp-json\/wp\/v2\/media?parent=97936"}],"wp:term":[{"taxonomy":"category","embeddable":true,"href":"https:\/\/www.actualidadadiario.com\/index.php\/wp-json\/wp\/v2\/categories?post=97936"},{"taxonomy":"post_tag","embeddable":true,"href":"https:\/\/www.actualidadadiario.com\/index.php\/wp-json\/wp\/v2\/tags?post=97936"}],"curies":[{"name":"wp","href":"https:\/\/api.w.org\/{rel}","templated":true}]}}