{"id":97933,"date":"2023-02-17T14:42:42","date_gmt":"2023-02-17T17:42:42","guid":{"rendered":"https:\/\/www.actualidadadiario.com\/?p=97933"},"modified":"2023-02-17T14:42:42","modified_gmt":"2023-02-17T17:42:42","slug":"la-liga-de-intendentes-del-pj-respaldo-a-enrique-cresto","status":"publish","type":"post","link":"https:\/\/www.actualidadadiario.com\/index.php\/2023\/02\/17\/la-liga-de-intendentes-del-pj-respaldo-a-enrique-cresto\/","title":{"rendered":"La liga de intendentes del PJ respald\u00f3 a Enrique Cresto"},"content":{"rendered":"<p style=\"text-align: center;\"><em><strong>Desde la Liga de Intendentes e Intendentas Justicialistas brindaron su apoyo a Enrique Cresto \u201cen vistas del artero ataque que sufriera en determinados medios nacionales y redes sociales\u201d<\/strong><\/em><\/p>\n<p>&nbsp;<\/p>\n<p>&nbsp;<\/p>\n<p>Seg\u00fan explicaron, desde la Liga de Intendentes e Intendentas Justicialistas \u201cmanifestamos nuestra solidaridad y respaldo a Enrique y su familia\u201d, a ra\u00edz del \u201cartero ataque que sufriera en determinados medios nacionales y redes sociales, someti\u00e9ndolo al agravio y la difamaci\u00f3n mediante la insistente difusi\u00f3n de una fake news\u201d.<\/p>\n<p>A su vez, expresaron su \u201cacompa\u00f1amiento a la joven concordiense que padeci\u00f3 el escarnio p\u00fablico y el acoso de las corporaciones medi\u00e1ticas, que la expusieron p\u00fablicamente en las vidrieras de la televisi\u00f3n nacional y los portales de noticias sin importarles el da\u00f1o que le causaban\u201d.<\/p>\n<p>Por otro lado, reconocieron que \u201cnos alerta que, en los \u00faltimos a\u00f1os, este tipo de operaciones se repitan con mayor intensidad y frecuencia\u201d, dado que \u201cla necesidad de una mejor calidad en el debate democr\u00e1tico y la importancia de la coexistencia de ideas opuestas plantea el desaf\u00edo de convivir sin agresiones ni violencia\u201d.<\/p>\n<p>\u201cComo hombres y mujeres de la pol\u00edtica, somos conscientes que nuestra reputaci\u00f3n y conducta pueden ser puestas en duda en cualquier momento por rumores infundados y falsas noticias\u201d, apuntaron.<\/p>\n<p>No obstante, remarcaron que \u201ces preocupante que cada vez, con mayor frecuencia, tengamos la necesidad de dar explicaciones y demostrar determinados hechos ante el sistem\u00e1tico ataque de los trolls en las redes sociales o la enorme capacidad de instalar mentiras que tienen ciertos medios\u201d.<\/p>\n<p>Debido a esto, consideraron que \u201clo ocurrido se inscribe en ese marco y, en consecuencia, repudiamos el ataque en los \u00faltimos d\u00edas sufriera\u201d el intendente de Concordia.<\/p>\n<p>\u201cDetr\u00e1s de estos procesos hay determinados intereses y, tal vez, el mayor de ellos sea el desprestigio de la pol\u00edtica y el desagrado del electorado, elementos que constituyen el caldo de cultivo ideal para las actitudes reaccionarias y la vulnerabilidad del sistema democr\u00e1tico\u201d, puntualizaron.<\/p>\n<p>Finalmente, llamaron a \u201creflexionar sobre estos hechos en la esperanza que la racionalidad, sensatez y madurez de la sociedad constituyan la mejor defensa para evitar la reiteraci\u00f3n de este tipo de situaciones\u201d.<\/p>\n","protected":false},"excerpt":{"rendered":"<p>Desde la Liga de Intendentes e Intendentas Justicialistas brindaron su apoyo a Enrique Cresto \u201cen vistas del artero ataque que sufriera en determinados medios nacionales y redes sociales\u201d &nbsp; &nbsp; Seg\u00fan explicaron, desde la Liga de Intendentes e Intendentas Justicialistas \u201cmanifestamos nuestra solidaridad y respaldo a Enrique y su familia\u201d, a ra\u00edz del \u201cartero ataque que sufriera en determinados medios nacionales y redes sociales, someti\u00e9ndolo al agravio y la difamaci\u00f3n mediante la insistente difusi\u00f3n de una fake news\u201d. A su vez, expresaron su \u201cacompa\u00f1amiento a la joven concordiense que padeci\u00f3&#8230;<\/p>\n","protected":false},"author":3,"featured_media":97934,"comment_status":"closed","ping_status":"closed","sticky":false,"template":"","format":"standard","meta":[],"categories":[15],"tags":[],"_links":{"self":[{"href":"https:\/\/www.actualidadadiario.com\/index.php\/wp-json\/wp\/v2\/posts\/97933"}],"collection":[{"href":"https:\/\/www.actualidadadiario.com\/index.php\/wp-json\/wp\/v2\/posts"}],"about":[{"href":"https:\/\/www.actualidadadiario.com\/index.php\/wp-json\/wp\/v2\/types\/post"}],"author":[{"embeddable":true,"href":"https:\/\/www.actualidadadiario.com\/index.php\/wp-json\/wp\/v2\/users\/3"}],"replies":[{"embeddable":true,"href":"https:\/\/www.actualidadadiario.com\/index.php\/wp-json\/wp\/v2\/comments?post=97933"}],"version-history":[{"count":1,"href":"https:\/\/www.actualidadadiario.com\/index.php\/wp-json\/wp\/v2\/posts\/97933\/revisions"}],"predecessor-version":[{"id":97935,"href":"https:\/\/www.actualidadadiario.com\/index.php\/wp-json\/wp\/v2\/posts\/97933\/revisions\/97935"}],"wp:featuredmedia":[{"embeddable":true,"href":"https:\/\/www.actualidadadiario.com\/index.php\/wp-json\/wp\/v2\/media\/97934"}],"wp:attachment":[{"href":"https:\/\/www.actualidadadiario.com\/index.php\/wp-json\/wp\/v2\/media?parent=97933"}],"wp:term":[{"taxonomy":"category","embeddable":true,"href":"https:\/\/www.actualidadadiario.com\/index.php\/wp-json\/wp\/v2\/categories?post=97933"},{"taxonomy":"post_tag","embeddable":true,"href":"https:\/\/www.actualidadadiario.com\/index.php\/wp-json\/wp\/v2\/tags?post=97933"}],"curies":[{"name":"wp","href":"https:\/\/api.w.org\/{rel}","templated":true}]}}