{"id":97930,"date":"2023-02-17T14:41:58","date_gmt":"2023-02-17T17:41:58","guid":{"rendered":"https:\/\/www.actualidadadiario.com\/?p=97930"},"modified":"2023-02-17T14:41:58","modified_gmt":"2023-02-17T17:41:58","slug":"campana-electoral-rodriguez-larreta-llegara-a-entre-rios","status":"publish","type":"post","link":"https:\/\/www.actualidadadiario.com\/index.php\/2023\/02\/17\/campana-electoral-rodriguez-larreta-llegara-a-entre-rios\/","title":{"rendered":"Campa\u00f1a electoral: Rodr\u00edguez Larreta llegar\u00e1 a Entre R\u00edos"},"content":{"rendered":"<p style=\"text-align: center;\"><em><strong>El precandidato a presidente por JxC recorrer\u00e1 Gualeguaych\u00fa y Concordia y estar\u00e1 acompa\u00f1ado por Rogelio Frigerio<\/strong><\/em><\/p>\n<p>&nbsp;<\/p>\n<p>&nbsp;<\/p>\n<p>Los precandidatos por los distintos agrupamientos pol\u00edticos en la provincia y el pa\u00eds, comenzaron a ampliar las recorridas con el fin de llevar sus propuestas a la poblaci\u00f3n. Y en el marco de la campa\u00f1a, Entre R\u00edos, al estar cerca de Buenos Aires, es una zona que interesa a los dirigentes nacionales. Este lunes llegar\u00e1 a la provincia Horacio Rodr\u00edguez Larreta con el fin de respaldar a Rogelio Frigerio.<\/p>\n<p>Se confirm\u00f3 que el actual jefe de Gobierno de la Ciudad de Buenos Aires y precandidato a Presidente por Juntos por el Cambio (JxC), arribar\u00e1 el lunes 20 de febrero a la ciudad de Gualeguaych\u00fa, en horas de la ma\u00f1ana, donde se organiz\u00f3 para las 10 un encuentro con los referentes de la regi\u00f3n, una conferencia de prensa, y luego una caminata por el cors\u00f3dromo y la costanera.<\/p>\n<p>En la agenda que podr\u00eda sufrir ajustes, se marc\u00f3 que cerca de las 14 estar\u00eda llegando a la ciudad de Concordia, donde la convocatoria tiene previsto un almuerzo con referentes y dirigentes de toda la provincia.<\/p>\n<p>En la serie de actividades, habr\u00e1 encuentros con sectores empresariales, ronda de prensa, y se pretende que el precandidato a presidente participe ese lunes feriado, de los carnavales de Concordia.<\/p>\n<p>En todas las actividades programadas para las dos ciudades, trabajan en conjunto los equipos de Rodr\u00edguez Larreta y de Rogelio Frigerio.<\/p>\n","protected":false},"excerpt":{"rendered":"<p>El precandidato a presidente por JxC recorrer\u00e1 Gualeguaych\u00fa y Concordia y estar\u00e1 acompa\u00f1ado por Rogelio Frigerio &nbsp; &nbsp; Los precandidatos por los distintos agrupamientos pol\u00edticos en la provincia y el pa\u00eds, comenzaron a ampliar las recorridas con el fin de llevar sus propuestas a la poblaci\u00f3n. Y en el marco de la campa\u00f1a, Entre R\u00edos, al estar cerca de Buenos Aires, es una zona que interesa a los dirigentes nacionales. Este lunes llegar\u00e1 a la provincia Horacio Rodr\u00edguez Larreta con el fin de respaldar a Rogelio Frigerio. Se confirm\u00f3 que&#8230;<\/p>\n","protected":false},"author":3,"featured_media":97931,"comment_status":"closed","ping_status":"closed","sticky":false,"template":"","format":"standard","meta":[],"categories":[15],"tags":[],"_links":{"self":[{"href":"https:\/\/www.actualidadadiario.com\/index.php\/wp-json\/wp\/v2\/posts\/97930"}],"collection":[{"href":"https:\/\/www.actualidadadiario.com\/index.php\/wp-json\/wp\/v2\/posts"}],"about":[{"href":"https:\/\/www.actualidadadiario.com\/index.php\/wp-json\/wp\/v2\/types\/post"}],"author":[{"embeddable":true,"href":"https:\/\/www.actualidadadiario.com\/index.php\/wp-json\/wp\/v2\/users\/3"}],"replies":[{"embeddable":true,"href":"https:\/\/www.actualidadadiario.com\/index.php\/wp-json\/wp\/v2\/comments?post=97930"}],"version-history":[{"count":1,"href":"https:\/\/www.actualidadadiario.com\/index.php\/wp-json\/wp\/v2\/posts\/97930\/revisions"}],"predecessor-version":[{"id":97932,"href":"https:\/\/www.actualidadadiario.com\/index.php\/wp-json\/wp\/v2\/posts\/97930\/revisions\/97932"}],"wp:featuredmedia":[{"embeddable":true,"href":"https:\/\/www.actualidadadiario.com\/index.php\/wp-json\/wp\/v2\/media\/97931"}],"wp:attachment":[{"href":"https:\/\/www.actualidadadiario.com\/index.php\/wp-json\/wp\/v2\/media?parent=97930"}],"wp:term":[{"taxonomy":"category","embeddable":true,"href":"https:\/\/www.actualidadadiario.com\/index.php\/wp-json\/wp\/v2\/categories?post=97930"},{"taxonomy":"post_tag","embeddable":true,"href":"https:\/\/www.actualidadadiario.com\/index.php\/wp-json\/wp\/v2\/tags?post=97930"}],"curies":[{"name":"wp","href":"https:\/\/api.w.org\/{rel}","templated":true}]}}