{"id":97927,"date":"2023-02-17T14:41:12","date_gmt":"2023-02-17T17:41:12","guid":{"rendered":"https:\/\/www.actualidadadiario.com\/?p=97927"},"modified":"2023-02-17T14:41:12","modified_gmt":"2023-02-17T17:41:12","slug":"la-reunion-en-la-sede-del-pj-devolvio-unidad-y-respeto-en-la-diversidad-al-fdt","status":"publish","type":"post","link":"https:\/\/www.actualidadadiario.com\/index.php\/2023\/02\/17\/la-reunion-en-la-sede-del-pj-devolvio-unidad-y-respeto-en-la-diversidad-al-fdt\/","title":{"rendered":"La reuni\u00f3n en la sede del PJ devolvi\u00f3 &#8220;unidad&#8221; y &#8220;respeto en la diversidad&#8221; al FdT"},"content":{"rendered":"<p style=\"text-align: center;\"><em><strong>El gobernador de Entre R\u00edos, Gustavo Bordet, afirm\u00f3 que en la reuni\u00f3n de la mesa pol\u00edtica del Frente de Todos (FDT) que se desarroll\u00f3 este jueves en la sede del PJ nacional se coincidi\u00f3 en &#8220;la unidad m\u00e1s all\u00e1 de los matices&#8221; que tiene la coalici\u00f3n gobernante y se rechaz\u00f3 &#8220;la proscripci\u00f3n que significa para Cristina Kirchner la injusta condena&#8221; en el marco de la causa Vialidad<\/strong><\/em><\/p>\n<p>&nbsp;<\/p>\n<p>&nbsp;<\/p>\n<p>&#8220;En el encuentro de la Mesa Pol\u00edtica del Frente de Todos coincidimos en la unidad m\u00e1s all\u00e1 de los matices que tenemos en nuestra fuerza&#8221;, public\u00f3 Bordet en su cuenta de Twitter sobre la reuni\u00f3n que se extendi\u00f3 hasta la madrugada.<\/p>\n<p>&#8220;Acordamos trabajar fuertemente en consolidar un escenario de estabilidad y previsibilidad en nuestro pa\u00eds&#8221;, agreg\u00f3 el mandatario.<\/p>\n<p>Tambi\u00e9n se\u00f1al\u00f3 que &#8220;de cara al proceso electoral de este a\u00f1o vamos a fijar una plataforma y el dise\u00f1o de una estrategia electoral en base a las futuras candidaturas&#8221;.<\/p>\n<p>Finalmente remarc\u00f3 que en el encuentro se rechaz\u00f3 &#8220;la proscripci\u00f3n que significa para Cristina Fern\u00e1ndez de Kirchner la injusta condena en la Causa Vialidad que debilita la democracia&#8221;.<\/p>\n","protected":false},"excerpt":{"rendered":"<p>El gobernador de Entre R\u00edos, Gustavo Bordet, afirm\u00f3 que en la reuni\u00f3n de la mesa pol\u00edtica del Frente de Todos (FDT) que se desarroll\u00f3 este jueves en la sede del PJ nacional se coincidi\u00f3 en &#8220;la unidad m\u00e1s all\u00e1 de los matices&#8221; que tiene la coalici\u00f3n gobernante y se rechaz\u00f3 &#8220;la proscripci\u00f3n que significa para Cristina Kirchner la injusta condena&#8221; en el marco de la causa Vialidad &nbsp; &nbsp; &#8220;En el encuentro de la Mesa Pol\u00edtica del Frente de Todos coincidimos en la unidad m\u00e1s all\u00e1 de los matices que&#8230;<\/p>\n","protected":false},"author":3,"featured_media":97928,"comment_status":"closed","ping_status":"closed","sticky":false,"template":"","format":"standard","meta":[],"categories":[9,15],"tags":[],"_links":{"self":[{"href":"https:\/\/www.actualidadadiario.com\/index.php\/wp-json\/wp\/v2\/posts\/97927"}],"collection":[{"href":"https:\/\/www.actualidadadiario.com\/index.php\/wp-json\/wp\/v2\/posts"}],"about":[{"href":"https:\/\/www.actualidadadiario.com\/index.php\/wp-json\/wp\/v2\/types\/post"}],"author":[{"embeddable":true,"href":"https:\/\/www.actualidadadiario.com\/index.php\/wp-json\/wp\/v2\/users\/3"}],"replies":[{"embeddable":true,"href":"https:\/\/www.actualidadadiario.com\/index.php\/wp-json\/wp\/v2\/comments?post=97927"}],"version-history":[{"count":1,"href":"https:\/\/www.actualidadadiario.com\/index.php\/wp-json\/wp\/v2\/posts\/97927\/revisions"}],"predecessor-version":[{"id":97929,"href":"https:\/\/www.actualidadadiario.com\/index.php\/wp-json\/wp\/v2\/posts\/97927\/revisions\/97929"}],"wp:featuredmedia":[{"embeddable":true,"href":"https:\/\/www.actualidadadiario.com\/index.php\/wp-json\/wp\/v2\/media\/97928"}],"wp:attachment":[{"href":"https:\/\/www.actualidadadiario.com\/index.php\/wp-json\/wp\/v2\/media?parent=97927"}],"wp:term":[{"taxonomy":"category","embeddable":true,"href":"https:\/\/www.actualidadadiario.com\/index.php\/wp-json\/wp\/v2\/categories?post=97927"},{"taxonomy":"post_tag","embeddable":true,"href":"https:\/\/www.actualidadadiario.com\/index.php\/wp-json\/wp\/v2\/tags?post=97927"}],"curies":[{"name":"wp","href":"https:\/\/api.w.org\/{rel}","templated":true}]}}