{"id":97921,"date":"2023-02-17T14:39:41","date_gmt":"2023-02-17T17:39:41","guid":{"rendered":"https:\/\/www.actualidadadiario.com\/?p=97921"},"modified":"2023-02-17T14:39:41","modified_gmt":"2023-02-17T17:39:41","slug":"continuan-las-reuniones-de-la-paritaria-nacional-docente","status":"publish","type":"post","link":"https:\/\/www.actualidadadiario.com\/index.php\/2023\/02\/17\/continuan-las-reuniones-de-la-paritaria-nacional-docente\/","title":{"rendered":"Contin\u00faan las reuniones de la paritaria nacional docente"},"content":{"rendered":"<p style=\"text-align: center;\"><em><strong>Desde las 18.30 el ministro de Educaci\u00f3n volver\u00e1 a recibir a los representantes de los principales sindicatos en el Palacio Sarmiento<\/strong><\/em><\/p>\n<p>&nbsp;<\/p>\n<p>La mesa de discusi\u00f3n de la paritaria docente nacional se reanudar\u00e1 este viernes por la tarde cuando el ministro de Educaci\u00f3n, Jaime Perczyk, vuelva a recibir a los representantes de los principales cinco sindicatos del sector, se inform\u00f3 oficialmente.<\/p>\n<p>Seg\u00fan la agenda oficial, el encuentro est\u00e1 previsto para las 18.30 en el Palacio Sarmiento, ubicado en la calle Pizzurno 935, sede de la cartera de Educaci\u00f3n.<\/p>\n<p>La primera reuni\u00f3n de discusi\u00f3n paritaria nacional se llev\u00f3 adelante el pasado jueves donde se escucharon las posiciones, pero no hubo una propuesta concreta y se pas\u00f3 a un cuarto intermedio.<\/p>\n<p>Participaron de la discusi\u00f3n los cinco gremios nacionales: la Confederaci\u00f3n de Trabajadores de la Educaci\u00f3n de la Rep\u00fablica Argentina (Ctera), el Sindicato Argentino de Docentes Privados (Sadop), la Uni\u00f3n de Docentes Argentinos (UDA), la Asociaci\u00f3n del Magisterio de Ense\u00f1anza T\u00e9cnica (Amet) y la Confederaci\u00f3n de Educadores Argentinos (CEA).<\/p>\n<p>Entre los reclamos de las organizaciones sindicales, figura el aumento de salario que supere la inflaci\u00f3n con revisi\u00f3n permanente, la eliminaci\u00f3n del Impuesto a las Ganancias, continuar con la elaboraci\u00f3n del Convenio Colectivo del sector, una nueva ley de Financiamiento Educativo y mayor presupuesto.<\/p>\n","protected":false},"excerpt":{"rendered":"<p>Desde las 18.30 el ministro de Educaci\u00f3n volver\u00e1 a recibir a los representantes de los principales sindicatos en el Palacio Sarmiento &nbsp; La mesa de discusi\u00f3n de la paritaria docente nacional se reanudar\u00e1 este viernes por la tarde cuando el ministro de Educaci\u00f3n, Jaime Perczyk, vuelva a recibir a los representantes de los principales cinco sindicatos del sector, se inform\u00f3 oficialmente. Seg\u00fan la agenda oficial, el encuentro est\u00e1 previsto para las 18.30 en el Palacio Sarmiento, ubicado en la calle Pizzurno 935, sede de la cartera de Educaci\u00f3n. La primera&#8230;<\/p>\n","protected":false},"author":3,"featured_media":97922,"comment_status":"closed","ping_status":"closed","sticky":false,"template":"","format":"standard","meta":[],"categories":[18],"tags":[],"_links":{"self":[{"href":"https:\/\/www.actualidadadiario.com\/index.php\/wp-json\/wp\/v2\/posts\/97921"}],"collection":[{"href":"https:\/\/www.actualidadadiario.com\/index.php\/wp-json\/wp\/v2\/posts"}],"about":[{"href":"https:\/\/www.actualidadadiario.com\/index.php\/wp-json\/wp\/v2\/types\/post"}],"author":[{"embeddable":true,"href":"https:\/\/www.actualidadadiario.com\/index.php\/wp-json\/wp\/v2\/users\/3"}],"replies":[{"embeddable":true,"href":"https:\/\/www.actualidadadiario.com\/index.php\/wp-json\/wp\/v2\/comments?post=97921"}],"version-history":[{"count":1,"href":"https:\/\/www.actualidadadiario.com\/index.php\/wp-json\/wp\/v2\/posts\/97921\/revisions"}],"predecessor-version":[{"id":97923,"href":"https:\/\/www.actualidadadiario.com\/index.php\/wp-json\/wp\/v2\/posts\/97921\/revisions\/97923"}],"wp:featuredmedia":[{"embeddable":true,"href":"https:\/\/www.actualidadadiario.com\/index.php\/wp-json\/wp\/v2\/media\/97922"}],"wp:attachment":[{"href":"https:\/\/www.actualidadadiario.com\/index.php\/wp-json\/wp\/v2\/media?parent=97921"}],"wp:term":[{"taxonomy":"category","embeddable":true,"href":"https:\/\/www.actualidadadiario.com\/index.php\/wp-json\/wp\/v2\/categories?post=97921"},{"taxonomy":"post_tag","embeddable":true,"href":"https:\/\/www.actualidadadiario.com\/index.php\/wp-json\/wp\/v2\/tags?post=97921"}],"curies":[{"name":"wp","href":"https:\/\/api.w.org\/{rel}","templated":true}]}}