{"id":97919,"date":"2023-02-17T14:38:41","date_gmt":"2023-02-17T17:38:41","guid":{"rendered":"https:\/\/www.actualidadadiario.com\/?p=97919"},"modified":"2023-02-17T14:38:41","modified_gmt":"2023-02-17T17:38:41","slug":"diputados-convoco-a-una-sesion-especial-para-tratar-la-moratoria-previsional","status":"publish","type":"post","link":"https:\/\/www.actualidadadiario.com\/index.php\/2023\/02\/17\/diputados-convoco-a-una-sesion-especial-para-tratar-la-moratoria-previsional\/","title":{"rendered":"Diputados convoc\u00f3 a una sesi\u00f3n especial para tratar la moratoria previsional"},"content":{"rendered":"<p style=\"text-align: center;\"><em><strong>La iniciativa permitir\u00e1 resolver la situaci\u00f3n de unos 800 mil trabajadores y trabajadoras en edad de jubilarse que no cuentan con el total de aportes realizados y otro que crea un programa de digitalizaci\u00f3n de las historias cl\u00ednicas para todo el pa\u00eds<\/strong><\/em><\/p>\n<p>&nbsp;<\/p>\n<p>&nbsp;<\/p>\n<p>La C\u00e1mara de Diputados convoc\u00f3 a una sesi\u00f3n especial el martes pr\u00f3ximo, a pedido del bloque del Frente de Todos (FdT), para debatir el proyecto de moratoria previsional que permitir\u00e1 resolver la situaci\u00f3n de unos 800 mil trabajadores y trabajadoras en edad de jubilarse que no cuentan con el total de aportes realizados y otro que crea un programa de digitalizaci\u00f3n de las historias cl\u00ednicas para todo el pa\u00eds.<\/p>\n<p>La sesi\u00f3n, que hab\u00eda sido solicitada por el jefe del bloque de diputados del FdT, Germ\u00e1n Mart\u00ednez, est\u00e1 previsto que se inicie a las 10.30 del martes.<\/p>\n<p>El oficialismo, con el respaldo de una serie de bloques opositores intermedios -ajenos a Juntos por el Cambio (JxC)-, buscar\u00e1 aprobar el proyecto que establece un plan de pago de deuda previsional a esas 800.000 personas que no cuentan con los aportes suficientes para acceder a su jubilaci\u00f3n.<\/p>\n<p>La propuesta, presentada en el Senado por Anabel Fern\u00e1ndez Sagasti y con media sanci\u00f3n desde el 30 de junio pasado, establece que las personas en edad jubilatoria pero sin los aportes exigidos podr\u00e1n regularizar per\u00edodos faltantes hasta el mes de diciembre de 2008, inclusive, con una modalidad de pago en cuotas que ser\u00e1n descontadas de manera directa del haber jubilatorio que se obtenga a trav\u00e9s del programa.<\/p>\n<p>Asimismo, contempla la posibilidad de que las personas en edad pre-jubilatoria (mujeres de 50 a 59 a\u00f1os y varones de 55 a 64 a\u00f1os) que saben que no llegar\u00e1n con los a\u00f1os de aportes necesarios, puedan anticiparse y comenzar a pagar ellos mismos los per\u00edodos faltantes.<\/p>\n<p>&nbsp;<\/p>\n<p><strong>Digitalizaci\u00f3n de historias cl\u00ednicas <\/strong><\/p>\n<p>El segundo proyecto a debatir en el recinto de Diputados, el que crea a nivel nacional un Programa para digitalizar las historias cl\u00ednicas de todo el pa\u00eds, recibi\u00f3 dictamen en octubre pasado en la comisi\u00f3n de Acci\u00f3n Social y Salud P\u00fablica del cuerpo, con el respaldo de oficialistas y opositores.<\/p>\n<p>La norma busca establecer la obligatoriedad de que los pacientes tengan acceso libre a su historia cl\u00ednica mediante un sistema digitalizado en todo el pa\u00eds.<\/p>\n<p>La iniciativa, que fue incluida en el temario para el per\u00edodo extraordinario de sesiones y ya hab\u00eda sido aprobada por el Senado en noviembre del 2020, prev\u00e9 la creaci\u00f3n del Programa Nacional \u00danico de Informatizaci\u00f3n y Digitalizaci\u00f3n de las Historias Cl\u00ednicas de la Rep\u00fablica Argentina.<\/p>\n<p>La norma establece que se deber\u00e1 instalar el software de forma gratuita en todos los hospitales p\u00fablicos, nacionales, provinciales y municipales y en los centros de salud privados y de la seguridad social.<\/p>\n<p>Adem\u00e1s, garantiza que se proveer\u00e1 de asistencia t\u00e9cnica y financiera a las jurisdicciones provinciales y a la Ciudad Aut\u00f3noma de Buenos Aires para cumplir los objetivos de la ley.<\/p>\n<p>El sistema permite a los pacientes y a los profesionales de la salud el acceso a una base de datos de informaci\u00f3n cl\u00ednica relevante para atenci\u00f3n sanitaria de cada paciente desde cualquier lugar del territorio nacional, asegurando a \u00e9ste que la consulta de sus datos quedar\u00e1 restringida a quien est\u00e9 autorizado.<\/p>\n","protected":false},"excerpt":{"rendered":"<p>La iniciativa permitir\u00e1 resolver la situaci\u00f3n de unos 800 mil trabajadores y trabajadoras en edad de jubilarse que no cuentan con el total de aportes realizados y otro que crea un programa de digitalizaci\u00f3n de las historias cl\u00ednicas para todo el pa\u00eds &nbsp; &nbsp; La C\u00e1mara de Diputados convoc\u00f3 a una sesi\u00f3n especial el martes pr\u00f3ximo, a pedido del bloque del Frente de Todos (FdT), para debatir el proyecto de moratoria previsional que permitir\u00e1 resolver la situaci\u00f3n de unos 800 mil trabajadores y trabajadoras en edad de jubilarse que no&#8230;<\/p>\n","protected":false},"author":3,"featured_media":96587,"comment_status":"closed","ping_status":"closed","sticky":false,"template":"","format":"standard","meta":[],"categories":[18],"tags":[],"_links":{"self":[{"href":"https:\/\/www.actualidadadiario.com\/index.php\/wp-json\/wp\/v2\/posts\/97919"}],"collection":[{"href":"https:\/\/www.actualidadadiario.com\/index.php\/wp-json\/wp\/v2\/posts"}],"about":[{"href":"https:\/\/www.actualidadadiario.com\/index.php\/wp-json\/wp\/v2\/types\/post"}],"author":[{"embeddable":true,"href":"https:\/\/www.actualidadadiario.com\/index.php\/wp-json\/wp\/v2\/users\/3"}],"replies":[{"embeddable":true,"href":"https:\/\/www.actualidadadiario.com\/index.php\/wp-json\/wp\/v2\/comments?post=97919"}],"version-history":[{"count":1,"href":"https:\/\/www.actualidadadiario.com\/index.php\/wp-json\/wp\/v2\/posts\/97919\/revisions"}],"predecessor-version":[{"id":97920,"href":"https:\/\/www.actualidadadiario.com\/index.php\/wp-json\/wp\/v2\/posts\/97919\/revisions\/97920"}],"wp:featuredmedia":[{"embeddable":true,"href":"https:\/\/www.actualidadadiario.com\/index.php\/wp-json\/wp\/v2\/media\/96587"}],"wp:attachment":[{"href":"https:\/\/www.actualidadadiario.com\/index.php\/wp-json\/wp\/v2\/media?parent=97919"}],"wp:term":[{"taxonomy":"category","embeddable":true,"href":"https:\/\/www.actualidadadiario.com\/index.php\/wp-json\/wp\/v2\/categories?post=97919"},{"taxonomy":"post_tag","embeddable":true,"href":"https:\/\/www.actualidadadiario.com\/index.php\/wp-json\/wp\/v2\/tags?post=97919"}],"curies":[{"name":"wp","href":"https:\/\/api.w.org\/{rel}","templated":true}]}}